{"id":1182,"date":"2014-02-25T16:31:58","date_gmt":"2014-02-25T16:31:58","guid":{"rendered":"http:\/\/www.ubesplugues.com\/wordpress\/?p=1182"},"modified":"2014-02-25T16:31:58","modified_gmt":"2014-02-25T16:31:58","slug":"la-unio-de-botiguers-participem-amb-etv-en-la-produccio-dun-audiovisual-destinat-a-donar-una-visio-amplia-de-lestat-del-comerc-local-i-com-afrontem-lactual-situacio-de-crisis-economica","status":"publish","type":"post","link":"https:\/\/www.ube.cat\/web\/2014\/02\/25\/la-unio-de-botiguers-participem-amb-etv-en-la-produccio-dun-audiovisual-destinat-a-donar-una-visio-amplia-de-lestat-del-comerc-local-i-com-afrontem-lactual-situacio-de-crisis-economica\/","title":{"rendered":"La Uni\u00f3 de Botiguers participem amb ETV a la producci\u00f3 d&#8217;un audiovisual destinat a donar una visi\u00f3 \u00e0mplia de l&#8217;estat del comer\u00e7 local, i com afrontem l&#8217;actual situaci\u00f3 de crisis econ\u00f2mica"},"content":{"rendered":"<p><a href=\"http:\/\/www.ubesplugues.com\/wordpress\/wp-content\/uploads\/2014\/02\/20140225-172132.jpg\" class=\"broken_link\"><img decoding=\"async\" src=\"http:\/\/www.ubesplugues.com\/wordpress\/wp-content\/uploads\/2014\/02\/20140225-172132.jpg\" alt=\"20140225-172132.jpg\" class=\"alignnone size-full\" \/><\/a><\/p>\n<p>El programa preveu v\u00e0ries entrevistes durant aquesta setmana a diferents comer\u00e7os de la ciutat d&#8217;#Esplugues, i s&#8217;emetr\u00e0 a partir de la setmana vinent a ETV i a altres emissores de la Xarxa de Televisions Locals de Catalunya.<\/p>\n<p>Gr\u00e0cies ETV.<\/p>\n","protected":false},"excerpt":{"rendered":"<p>El programa preveu v\u00e0ries entrevistes durant aquesta setmana a diferents comer\u00e7os de la ciutat d&#8217;#Esplugues, i s&#8217;emetr\u00e0 a partir de la setmana vinent a ETV i a altres emissores de la Xarxa de Televisions Locals de Catalunya. Gr\u00e0cies ETV.<\/p>\n","protected":false},"author":1,"featured_media":0,"comment_status":"open","ping_status":"open","sticky":false,"template":"","format":"standard","meta":{"jetpack_post_was_ever_published":false,"_jetpack_newsletter_access":"","jetpack_publicize_message":"","jetpack_is_tweetstorm":false,"jetpack_publicize_feature_enabled":true,"jetpack_social_post_already_shared":true,"jetpack_social_options":{"image_generator_settings":{"template":"highway","enabled":false}}},"categories":[5],"tags":[53,59,76],"jetpack_publicize_connections":[],"jetpack_featured_media_url":"","jetpack_sharing_enabled":true,"jetpack_shortlink":"https:\/\/wp.me\/p9FdUF-j4","_links":{"self":[{"href":"https:\/\/www.ube.cat\/web\/wp-json\/wp\/v2\/posts\/1182"}],"collection":[{"href":"https:\/\/www.ube.cat\/web\/wp-json\/wp\/v2\/posts"}],"about":[{"href":"https:\/\/www.ube.cat\/web\/wp-json\/wp\/v2\/types\/post"}],"author":[{"embeddable":true,"href":"https:\/\/www.ube.cat\/web\/wp-json\/wp\/v2\/users\/1"}],"replies":[{"embeddable":true,"href":"https:\/\/www.ube.cat\/web\/wp-json\/wp\/v2\/comments?post=1182"}],"version-history":[{"count":0,"href":"https:\/\/www.ube.cat\/web\/wp-json\/wp\/v2\/posts\/1182\/revisions"}],"wp:attachment":[{"href":"https:\/\/www.ube.cat\/web\/wp-json\/wp\/v2\/media?parent=1182"}],"wp:term":[{"taxonomy":"category","embeddable":true,"href":"https:\/\/www.ube.cat\/web\/wp-json\/wp\/v2\/categories?post=1182"},{"taxonomy":"post_tag","embeddable":true,"href":"https:\/\/www.ube.cat\/web\/wp-json\/wp\/v2\/tags?post=1182"}],"curies":[{"name":"wp","href":"https:\/\/api.w.org\/{rel}","templated":true}]}}