{"id":1189,"date":"2014-02-27T17:08:59","date_gmt":"2014-02-27T17:08:59","guid":{"rendered":"http:\/\/www.ubesplugues.com\/wordpress\/?p=1189"},"modified":"2014-02-27T17:08:59","modified_gmt":"2014-02-27T17:08:59","slug":"324-ofegats-per-les-superficies-comercials-esplugues","status":"publish","type":"post","link":"https:\/\/www.ube.cat\/web\/2014\/02\/27\/324-ofegats-per-les-superficies-comercials-esplugues\/","title":{"rendered":"3\/24; Ofegats per les superf\u00edcies comercials #esplugues"},"content":{"rendered":"<p><a href=\"http:\/\/www.ubesplugues.com\/wordpress\/wp-content\/uploads\/2014\/02\/20140227-181252.jpg\" class=\"broken_link\"><img decoding=\"async\" src=\"http:\/\/www.ubesplugues.com\/wordpress\/wp-content\/uploads\/2014\/02\/20140227-181252.jpg\" alt=\"20140227-181252.jpg\" class=\"alignnone size-full\" \/><\/a><\/p>\n<p>Veure video a:<br \/>\n<a href=\"http:\/\/www.tv3.cat\/3alacarta\/#\/videos\/4906371\">http:\/\/www.tv3.cat\/3alacarta\/#\/videos\/4906371<\/a><\/p>\n<p>El petit comer\u00e7 torna a estar en peu de guerra. Alerten que l&#8217;allau de centres comercials que estan projectats a l&#8217;\u00e0rea metropolitana de Barcelona i els plans d&#8217;ampliaci\u00f3 dels que ja hi ha poden suposar el cop definitiu a un sector ja molt castigat per la crisi. Tot plegat voldria dir ampliar la superf\u00edcie comercial en 300.000 metres quadrats, en un moment en qu\u00e8 el consum no acaba d&#8217;arrencar. Se senten indefensos davant d&#8217;un model comercial contra el qual no poden competir.<\/p>\n<p>El que ha fet saltar les alarmes ha estat la confirmaci\u00f3 que la multinacional australiana Westfield, dedicada a la promoci\u00f3 de centres comercials, est\u00e0 interessada a construir-ne un de gegant als terrenys que envolten les instal\u00b7lacions del Sincrotr\u00f3 Alba, a Cerdanyola del Vall\u00e8s, que podria arribar als 175.000 metres quadrats.<\/p>\n<p>Es tracta de terrenys p\u00fablics, propietat de l&#8217;Incas\u00f2l, que havien d&#8217;estar destinats majorit\u00e0riament a empreses tecnol\u00f2giques. La Confederaci\u00f3 de Comer\u00e7 ja ha presentat un recurs per evitar que s&#8217;autoritzi el canvi d&#8217;usos.<\/p>\n<p>Un altre projecte que tamb\u00e9 ha provocat les protestes de comerciants i ecologistes \u00e9s el de la gran superf\u00edcie \u00aboutlet\u00bb promoguda per l&#8217;empresa Neinver que s&#8217;ha d&#8217;obrir abans del 2016 al sector de Ca n&#8217;Alemany de Viladecans, en uns terrenys tamb\u00e9 propietat de l&#8217;Incas\u00f2l. Aqu\u00ed ja hi ha moviment de terres per construir-hi un nou acc\u00e9s des de l&#8217;autopista. De fet, tot i que el consum continua estancat, els \u00aboutlets\u00bb guanyen quota.<\/p>\n<p>M\u00e9s enll\u00e0 d&#8217;aquests dos grans projectes, tant el centre comercial de la Maquinista com el de Gl\u00f2ries tenen previst ampliar les instal\u00b7lacions.<\/p>\n<p><strong>Obertures interessades<\/strong><\/p>\n<p>La Fundaci\u00f3 Barcelona Comer\u00e7 s&#8217;ha reunit aquesta setmana amb el president de la Generalitat i el conseller d&#8217;Empresa per manifestar-los la seva preocupaci\u00f3. Creuen que nom\u00e9s es busca sanejar els comptes de la Generalitat i alerten que es pot accelerar la destrucci\u00f3 del model de comer\u00e7 de proximitat i la desertitzaci\u00f3 de les ciutats.<\/p>\n<p>De moment, els comerciants han obtingut el comprom\u00eds del govern catal\u00e0 que intentar\u00e0 minimitzar el creixement de nova oferta comercial. Almenys en el cas de Cerdanyola, el projecte que est\u00e0 m\u00e9s verd.<\/p>\n<p>En els \u00faltims anys, s&#8217;han destru\u00eft prop de 50.000 llocs de treball en el comer\u00e7 a Catalunya, molts establiments han desaparegut i altres estan aguantant a costa de destinar-hi reserves.<\/p>\n<p><center><\/p>\n<p><a href=\"http:\/\/www.ubesplugues.com\/wordpress\/wp-content\/uploads\/2014\/02\/20140227-180747.jpg\" class=\"broken_link\"><img decoding=\"async\" src=\"http:\/\/www.ubesplugues.com\/wordpress\/wp-content\/uploads\/2014\/02\/20140227-180747.jpg\" alt=\"20140227-180747.jpg\" class=\"alignnone size-full\" \/><\/a><br \/>\n<\/center><br \/>\n<strong>L&#8217;oferta en grans superf\u00edcies a l&#8217;\u00e0rea metropolitana de Barcelona pot augmentar en 300.000 metres quadrats si prosperen tots els projectes i ampliacions anunciats.<\/strong><\/p>\n","protected":false},"excerpt":{"rendered":"<p>Veure video a: http:\/\/www.tv3.cat\/3alacarta\/#\/videos\/4906371 El petit comer\u00e7 torna a estar en peu de guerra. Alerten que l&#8217;allau de centres comercials que estan projectats a l&#8217;\u00e0rea metropolitana de Barcelona i els plans d&#8217;ampliaci\u00f3 dels que ja hi ha poden suposar el cop definitiu a un sector ja molt castigat per la crisi. Tot plegat voldria dir&#8230;<\/p>\n<p class=\"more-link\"><a href=\"https:\/\/www.ube.cat\/web\/2014\/02\/27\/324-ofegats-per-les-superficies-comercials-esplugues\/\" class=\"themebutton\">Read More<\/a><\/p>\n","protected":false},"author":1,"featured_media":0,"comment_status":"open","ping_status":"open","sticky":false,"template":"","format":"standard","meta":{"jetpack_post_was_ever_published":false,"_jetpack_newsletter_access":"","jetpack_publicize_message":"","jetpack_is_tweetstorm":false,"jetpack_publicize_feature_enabled":true,"jetpack_social_post_already_shared":true,"jetpack_social_options":{"image_generator_settings":{"template":"highway","enabled":false}}},"categories":[6],"tags":[45,76],"jetpack_publicize_connections":[],"jetpack_featured_media_url":"","jetpack_sharing_enabled":true,"jetpack_shortlink":"https:\/\/wp.me\/p9FdUF-jb","_links":{"self":[{"href":"https:\/\/www.ube.cat\/web\/wp-json\/wp\/v2\/posts\/1189"}],"collection":[{"href":"https:\/\/www.ube.cat\/web\/wp-json\/wp\/v2\/posts"}],"about":[{"href":"https:\/\/www.ube.cat\/web\/wp-json\/wp\/v2\/types\/post"}],"author":[{"embeddable":true,"href":"https:\/\/www.ube.cat\/web\/wp-json\/wp\/v2\/users\/1"}],"replies":[{"embeddable":true,"href":"https:\/\/www.ube.cat\/web\/wp-json\/wp\/v2\/comments?post=1189"}],"version-history":[{"count":0,"href":"https:\/\/www.ube.cat\/web\/wp-json\/wp\/v2\/posts\/1189\/revisions"}],"wp:attachment":[{"href":"https:\/\/www.ube.cat\/web\/wp-json\/wp\/v2\/media?parent=1189"}],"wp:term":[{"taxonomy":"category","embeddable":true,"href":"https:\/\/www.ube.cat\/web\/wp-json\/wp\/v2\/categories?post=1189"},{"taxonomy":"post_tag","embeddable":true,"href":"https:\/\/www.ube.cat\/web\/wp-json\/wp\/v2\/tags?post=1189"}],"curies":[{"name":"wp","href":"https:\/\/api.w.org\/{rel}","templated":true}]}}