{"id":2087,"date":"2015-11-05T18:37:21","date_gmt":"2015-11-05T18:37:21","guid":{"rendered":"http:\/\/www.ubesplugues.com\/wordpress\/?p=2087"},"modified":"2015-11-05T18:37:21","modified_gmt":"2015-11-05T18:37:21","slug":"adhesio-al-black-friday-barcelona-esplugues-ubesplugues-pimeccomerc","status":"publish","type":"post","link":"https:\/\/www.ube.cat\/web\/2015\/11\/05\/adhesio-al-black-friday-barcelona-esplugues-ubesplugues-pimeccomerc\/","title":{"rendered":"Adhesi\u00f3 al Black Friday Barcelona. #esplugues @Ubesplugues @PimecComerc"},"content":{"rendered":"<p><a href=\"http:\/\/www.ubesplugues.com\/wordpress\/wp-content\/uploads\/2015\/11\/cid_239F61B6-3F4D-4A90-A006-3D8ECF216F48.jpg\" class=\"broken_link\"><img decoding=\"async\" loading=\"lazy\" class=\"aligncenter size-full wp-image-2088\" src=\"http:\/\/www.ubesplugues.com\/wordpress\/wp-content\/uploads\/2015\/11\/cid_239F61B6-3F4D-4A90-A006-3D8ECF216F48.jpg\" alt=\"!cid_239F61B6-3F4D-4A90-A006-3D8ECF216F48\" width=\"699\" height=\"249\" srcset=\"https:\/\/www.ube.cat\/web\/wp-content\/uploads\/2015\/11\/cid_239F61B6-3F4D-4A90-A006-3D8ECF216F48.jpg 699w, https:\/\/www.ube.cat\/web\/wp-content\/uploads\/2015\/11\/cid_239F61B6-3F4D-4A90-A006-3D8ECF216F48-300x107.jpg 300w\" sizes=\"(max-width: 699px) 100vw, 699px\" \/><\/a><\/p>\n<p>Estimados socios,<\/p>\n<p>Nos complace comunicaros que la UBE, participar\u00e1 este a\u00f1o como asociaci\u00f3n adherida en el <strong>BLACK FRIDAY BARCELONA<\/strong>. Esto dar\u00e1 derecho a todos nuestros establecimientos asociados a participar <strong>GRATUITAMENTE<\/strong> en el <strong>Black Friday 2015, <\/strong>con el cartel principal y acceso a publicar una oferta en la web oficial del evento. Adem\u00e1s por ser de nuestra asociaci\u00f3n tendr\u00e9is un 35% de descuento en el pack de visibilidad BFB 2015 (opcional y con fecha m\u00e1xima de pedido hasta el <u>9 de Noviembre<\/u>). Pod\u00e9is ver todo el contenido del pack a trav\u00e9s de este link: http:\/\/blackfridaybarcelona.com\/pack-de-visibilidad-black-friday-barcelona-asociados\/<\/p>\n<p>El <strong>Black Friday Barcelona<\/strong> es una iniciativa de la agencia de comunicaci\u00f3n <strong>Cromek System<\/strong> y es la segunda vez que este gran evento se va a realizar en Barcelona de forma organizada para el comercio, pero desde el 2005, en Estados Unidos, el \u00faltimo viernes del mes de Noviembre, se ha constituido como el d\u00eda de mayor movimiento comercial.<\/p>\n<p>El prop\u00f3sito del BFB es unir el comercio de proximidad para ofertar y vender sus productos o servicios con descuentos exclusivos durante dos d\u00edas, el <strong>27 y 28 de Noviembre,<\/strong> con el objetivo de adelantar las compras navide\u00f1as. Dirigido a todo tipo de negocios y comercios, tiendas de moda, ocio y restauraci\u00f3n, sanidad y farmacias, peluquer\u00eda y est\u00e9tica, gimnasios, hoteles, empresas de servicios&#8230; todos tienen cabida en el <strong>Black Friday Barcelona. <\/strong><\/p>\n<p>\u00a1\u00a1Esperamos contar con todos vosotros!! M\u00e1s informaci\u00f3n en www.blackfridaybarcelona.com<\/p>\n","protected":false},"excerpt":{"rendered":"<p>Estimados socios, Nos complace comunicaros que la UBE, participar\u00e1 este a\u00f1o como asociaci\u00f3n adherida en el BLACK FRIDAY BARCELONA. Esto dar\u00e1 derecho a todos nuestros establecimientos asociados a participar GRATUITAMENTE en el Black Friday 2015, con el cartel principal y acceso a publicar una oferta en la web oficial del evento. Adem\u00e1s por ser de&#8230;<\/p>\n<p class=\"more-link\"><a href=\"https:\/\/www.ube.cat\/web\/2015\/11\/05\/adhesio-al-black-friday-barcelona-esplugues-ubesplugues-pimeccomerc\/\" class=\"themebutton\">Read More<\/a><\/p>\n","protected":false},"author":1,"featured_media":0,"comment_status":"open","ping_status":"open","sticky":false,"template":"","format":"standard","meta":{"jetpack_post_was_ever_published":false,"_jetpack_newsletter_access":"","jetpack_publicize_message":"","jetpack_is_tweetstorm":false,"jetpack_publicize_feature_enabled":true,"jetpack_social_post_already_shared":true,"jetpack_social_options":{"image_generator_settings":{"template":"highway","enabled":false}}},"categories":[5],"tags":[36,76,91,119,138],"jetpack_publicize_connections":[],"jetpack_featured_media_url":"","jetpack_sharing_enabled":true,"jetpack_shortlink":"https:\/\/wp.me\/p9FdUF-xF","_links":{"self":[{"href":"https:\/\/www.ube.cat\/web\/wp-json\/wp\/v2\/posts\/2087"}],"collection":[{"href":"https:\/\/www.ube.cat\/web\/wp-json\/wp\/v2\/posts"}],"about":[{"href":"https:\/\/www.ube.cat\/web\/wp-json\/wp\/v2\/types\/post"}],"author":[{"embeddable":true,"href":"https:\/\/www.ube.cat\/web\/wp-json\/wp\/v2\/users\/1"}],"replies":[{"embeddable":true,"href":"https:\/\/www.ube.cat\/web\/wp-json\/wp\/v2\/comments?post=2087"}],"version-history":[{"count":0,"href":"https:\/\/www.ube.cat\/web\/wp-json\/wp\/v2\/posts\/2087\/revisions"}],"wp:attachment":[{"href":"https:\/\/www.ube.cat\/web\/wp-json\/wp\/v2\/media?parent=2087"}],"wp:term":[{"taxonomy":"category","embeddable":true,"href":"https:\/\/www.ube.cat\/web\/wp-json\/wp\/v2\/categories?post=2087"},{"taxonomy":"post_tag","embeddable":true,"href":"https:\/\/www.ube.cat\/web\/wp-json\/wp\/v2\/tags?post=2087"}],"curies":[{"name":"wp","href":"https:\/\/api.w.org\/{rel}","templated":true}]}}