{"id":3490,"date":"2019-05-14T01:40:06","date_gmt":"2019-05-14T01:40:06","guid":{"rendered":"http:\/\/www.ube.cat\/web\/?p=3490"},"modified":"2019-05-14T01:38:15","modified_gmt":"2019-05-14T01:38:15","slug":"els-socis-de-la-ube-gaudeixen-duna-solucio-tecnologica-gratuita-per-gestionar-el-registre-horari-dels-seus-treballadors-ubesplugues-esplugues-pimecomec","status":"publish","type":"post","link":"https:\/\/www.ube.cat\/web\/2019\/05\/14\/els-socis-de-la-ube-gaudeixen-duna-solucio-tecnologica-gratuita-per-gestionar-el-registre-horari-dels-seus-treballadors-ubesplugues-esplugues-pimecomec\/","title":{"rendered":"Els socis de la UBE gaudeixen d&#8217;una soluci\u00f3 tecnol\u00f2gica gratuita per gestionar el registre horari dels seus treballadors. @UBEsplugues #Esplugues @PimeComec"},"content":{"rendered":"<p><img decoding=\"async\" loading=\"lazy\" src=\"http:\/\/www.ube.cat\/web\/wp-content\/uploads\/2019\/05\/registro-jornada-gran-reto-laboral-las-empresas-20195598939055540135064.jpg\" class=\"wp-image-3489 alignnone size-full\" width=\"990\" height=\"526\" srcset=\"https:\/\/www.ube.cat\/web\/wp-content\/uploads\/2019\/05\/registro-jornada-gran-reto-laboral-las-empresas-20195598939055540135064.jpg 990w, https:\/\/www.ube.cat\/web\/wp-content\/uploads\/2019\/05\/registro-jornada-gran-reto-laboral-las-empresas-20195598939055540135064-300x159.jpg 300w, https:\/\/www.ube.cat\/web\/wp-content\/uploads\/2019\/05\/registro-jornada-gran-reto-laboral-las-empresas-20195598939055540135064-768x408.jpg 768w\" sizes=\"(max-width: 990px) 100vw, 990px\" \/><\/p>\n<p><strong>PIMEC ofereix als socis de la UBE una soluci\u00f3 tecnol\u00f2gica gratu\u00efta<\/strong><br \/>\n<span style=\"color:rgb(123,123,123); font-family:Helvetica,Arial,sans-serif; font-size:13px; font-style:normal; font-variant-ligatures:normal; font-variant-caps:normal; font-weight:400; letter-spacing:normal; orphans:2text-indent:0px; text-transform:none; white-space:normal; widows:2; word-spacing:0px; -webkit-text-stroke-width:0px; background-color:rgb(255,255,255); text-decoration-style:initial; text-decoration-color:initial; display:inline!important; float:none; text-align:left;\">Tenint en compte que les petites i mitjanes empreses son les m\u00e9s afectades per aquesta problem\u00e0tica per la seva estructura, PIMEC ha posat al servei dels socis i de manera gratu\u00efta una soluci\u00f3 tecnol\u00f2gica que permet registrar les entrades i les sortides dels treballadors i treballadores.<span> <\/span><\/span><strong style=\"margin-top: 0px; margin-bottom: 0px; padding: 0px; border: none; outline: none; list-style: inherit;\"><a href=\"https:\/\/pimec.iaccesos.com\/?utm_source=newsletter&amp;utm_medium=email&amp;utm_campaign=alerta_13_maig_registre_horari\" target=\"_blank\" style=\"margin-top: 0px; margin-bottom: 0px; padding: 0px; border: none; outline: none; list-style: inherit; border-collapse: collapse; text-decoration: none; font-family: Helvetica, Arial, sans-serif; font-size: 13px; font-style: normal; font-variant-ligatures: normal; font-variant-caps: normal; font-weight: 400; letter-spacing: normal; orphans: 2; text-align: -webkit-left; text-indent: 0px; text-transform: none; white-space: normal; widows: 2; word-spacing: 0px; -webkit-text-stroke-width: 0px; background-color: rgb(255, 255, 255);\" rel=\"noopener noreferrer\">Pimec.iAccesos<\/a><\/strong><span style=\"color:rgb(123,123,123); font-family:Helvetica,Arial,sans-serif; font-size:13px; font-style:normal; font-variant-ligatures:normal; font-variant-caps:normal; font-weight:400; letter-spacing:normal; orphans:2text-indent:0px; text-transform:none; white-space:normal; widows:2; word-spacing:0px; -webkit-text-stroke-width:0px; background-color:rgb(255,255,255); text-decoration-style:initial; text-decoration-color:initial; display:inline!important; float:none; text-align:left;\"> \u00e9s una soluci\u00f3 tecnol\u00f2gica 100% cloud, accessible tant des de dispositius m\u00f2bils (<\/span><em style=\"margin-top: 0px; margin-bottom: 0px; padding: 0px; border: none; outline: none; list-style: inherit; color: rgb(123, 123, 123); font-family: Helvetica, Arial, sans-serif; font-size: 13px; font-variant-ligatures: normal; font-variant-caps: normal; font-weight: 400; letter-spacing: normal; orphans: 2; text-align: -webkit-left; text-indent: 0px; text-transform: none; white-space: normal; widows: 2; word-spacing: 0px; -webkit-text-stroke-width: 0px; background-color: rgb(255, 255, 255); text-decoration-style: initial; text-decoration-color: initial;\">smartphones<\/em><span style=\"color:rgb(123,123,123); font-family:Helvetica,Arial,sans-serif; font-size:13px; font-style:normal; font-variant-ligatures:normal; font-variant-caps:normal; font-weight:400; letter-spacing:normal; orphans:2text-indent:0px; text-transform:none; white-space:normal; widows:2; word-spacing:0px; -webkit-text-stroke-width:0px; background-color:rgb(255,255,255); text-decoration-style:initial; text-decoration-color:initial; display:inline!important; float:none; text-align:left;\"><span> <\/span>i tablets) com des d\u2019un ordinador personal. Trobar\u00e0s tota la informaci\u00f3 al voltant d&#8217;aquesta soluci\u00f3 tecnol\u00f2gica gratu\u00efta<span> <\/span><\/span><strong style=\"margin-top: 0px; margin-bottom: 0px; padding: 0px; border: none; outline: none; list-style: inherit; color: rgb(123, 123, 123); font-family: Helvetica, Arial, sans-serif; font-size: 13px; font-style: normal; font-variant-ligatures: normal; font-variant-caps: normal; letter-spacing: normal; orphans: 2; text-align: -webkit-left; text-indent: 0px; text-transform: none; white-space: normal; widows: 2; word-spacing: 0px; -webkit-text-stroke-width: 0px; background-color: rgb(255, 255, 255); text-decoration-style: initial; text-decoration-color: initial;\"><a href=\"https:\/\/www.pimec.org\/ca\/pimes-autonoms\/serveis\/tecnologia-innovacio\/pimeciaccesos?utm_source=newsletter&amp;utm_medium=email&amp;utm_campaign=alerta_13_maig_registre_horari\" target=\"_blank\" style=\"margin-top: 0px; margin-bottom: 0px; padding: 0px; border: none; outline: none; list-style: inherit; border-collapse: collapse; text-decoration: none;\" rel=\"noopener noreferrer\" class=\"broken_link\">aqu\u00ed<\/a><\/strong><span style=\"color:rgb(123,123,123); font-family:Helvetica,Arial,sans-serif; font-size:13px; font-style:normal; font-variant-ligatures:normal; font-variant-caps:normal; font-weight:400; letter-spacing:normal; orphans:2text-indent:0px; text-transform:none; white-space:normal; widows:2; word-spacing:0px; -webkit-text-stroke-width:0px; background-color:rgb(255,255,255); text-decoration-style:initial; text-decoration-color:initial; display:inline!important; float:none; text-align:left;\">. <\/span><\/p>\n<p><strong style=\"margin-top: 0px; margin-bottom: 0px; padding: 0px; border: none; outline: none; list-style: inherit; font-style: normal; font-variant-ligatures: normal; font-variant-caps: normal; letter-spacing: normal; orphans: 2; text-align: center; text-indent: 0px; text-transform: none; white-space: normal; widows: 2; word-spacing: 0px; -webkit-text-stroke-width: 0px; background-color: rgb(255, 255, 255); text-decoration-style: initial; text-decoration-color: initial; color: rgb(67, 72, 101); font-family: arial, helvetica, sans-serif; font-size: 16px; line-height: 20px;\">El registre de jornada: Q\u00fcestions a tenir en compte i soluci\u00f3 on-line gratu\u00efta per als socis de PIMEC<\/strong><br \/>\n<span style=\"color:rgb(123,123,123); font-family:Helvetica,Arial,sans-serif; font-size:13px; font-style:normal; font-variant-ligatures:normal; font-variant-caps:normal; font-weight:400; letter-spacing:normal; orphans:2text-indent:0px; text-transform:none; white-space:normal; widows:2; word-spacing:0px; -webkit-text-stroke-width:0px; background-color:rgb(255,255,255); text-decoration-style:initial; text-decoration-color:initial; display:inline!important; float:none; text-align:left;\">Com segurament ja sabr\u00e0s, ahir, 12 de maig, va entrar en vigor la normativa que preveu l\u2019obligaci\u00f3 de l\u2019empresari d\u2019establir un sistema de registre diari de la jornada dels treballadors, com una eina per combatre la precarietat laboral. En aquest sentit,<span> <\/span><\/span><a href=\"https:\/\/www.pimec.org\/ca\/institucio\/sala-premsa\/notes-premsa\/pimec-exposa-novetats-del-sistema-registre-horari-jornada-dels?utm_source=newsletter&amp;utm_medium=email&amp;utm_campaign=alerta_13_maig_registre_horari\" target=\"_blank\" style=\"margin-top: 0px; margin-bottom: 0px; padding: 0px; border: none; outline: none; list-style: inherit; border-collapse: collapse; text-decoration: none; font-family: Helvetica, Arial, sans-serif; font-size: 13px; font-style: normal; font-variant-ligatures: normal; font-variant-caps: normal; font-weight: 400; letter-spacing: normal; orphans: 2; text-align: -webkit-left; text-indent: 0px; text-transform: none; white-space: normal; widows: 2; word-spacing: 0px; -webkit-text-stroke-width: 0px; background-color: rgb(255, 255, 255);\" rel=\"noopener noreferrer\">PIMEC ha organitzat diferents jornades per exposar les novetats de la norma<\/a><span style=\"color:rgb(123,123,123); font-family:Helvetica,Arial,sans-serif; font-size:13px; font-style:normal; font-variant-ligatures:normal; font-variant-caps:normal; font-weight:400; letter-spacing:normal; orphans:2text-indent:0px; text-transform:none; white-space:normal; widows:2; word-spacing:0px; -webkit-text-stroke-width:0px; background-color:rgb(255,255,255); text-decoration-style:initial; text-decoration-color:initial; display:inline!important; float:none; text-align:left;\">, impulsades pel departament Jur\u00eddic de l\u2019entitat. La darrera, del passat 8 de maig, va comptar, entre d\u2019altres, amb la participaci\u00f3 de l\u2019inspector de la Inspecci\u00f3 de Treball i Seguretat Social de Barcelona, Antonio Benavides. Pots tornar a veure-la <\/span><a href=\"https:\/\/www.pimec.org\/ca\/emissio-directe?utm_source=newsletter&amp;utm_medium=email&amp;utm_campaign=alerta_13_maig_registre_horari\" target=\"_blank\" style=\"margin-top: 0px; margin-bottom: 0px; padding: 0px; border: none; outline: none; list-style: inherit; border-collapse: collapse; text-decoration: none; font-family: Helvetica, Arial, sans-serif; font-size: 13px; font-style: normal; font-variant-ligatures: normal; font-variant-caps: normal; font-weight: 400; letter-spacing: normal; orphans: 2; text-align: -webkit-left; text-indent: 0px; text-transform: none; white-space: normal; widows: 2; word-spacing: 0px; -webkit-text-stroke-width: 0px; background-color: rgb(255, 255, 255);\" rel=\"noopener noreferrer\" class=\"broken_link\">aqu\u00ed<\/a><span style=\"color:rgb(123,123,123); font-family:Helvetica,Arial,sans-serif; font-size:13px; font-style:normal; font-variant-ligatures:normal; font-variant-caps:normal; font-weight:400; letter-spacing:normal; orphans:2text-indent:0px; text-transform:none; white-space:normal; widows:2; word-spacing:0px; -webkit-text-stroke-width:0px; background-color:rgb(255,255,255); text-decoration-style:initial; text-decoration-color:initial; display:inline!important; float:none; text-align:left;\">.<\/span><\/p>\n<p><strong style=\"margin-top: 0px; margin-bottom: 0px; padding: 0px; border: none; outline: none; list-style: inherit;\">Obligaci\u00f3 per a totes les empreses<\/strong><br \/>\n<span style=\"color:rgb(123,123,123); font-family:Helvetica,Arial,sans-serif; font-size:13px; font-style:normal; font-variant-ligatures:normal; font-variant-caps:normal; font-weight:400; letter-spacing:normal; orphans:2text-indent:0px; text-transform:none; white-space:normal; widows:2; word-spacing:0px; -webkit-text-stroke-width:0px; background-color:rgb(255,255,255); text-decoration-style:initial; text-decoration-color:initial; display:inline!important; float:none; text-align:left;\">Recordem que segons indica el RDLL 8\/2019, davant l&#8217;organitzaci\u00f3 del sistema de registre de jornada<span> <\/span><\/span><strong style=\"margin-top: 0px; margin-bottom: 0px; padding: 0px; border: none; outline: none; list-style: inherit; color: rgb(123, 123, 123); font-family: Helvetica, Arial, sans-serif; font-size: 13px; font-style: normal; font-variant-ligatures: normal; font-variant-caps: normal; letter-spacing: normal; orphans: 2; text-align: -webkit-left; text-indent: 0px; text-transform: none; white-space: normal; widows: 2; word-spacing: 0px; -webkit-text-stroke-width: 0px; background-color: rgb(255, 255, 255); text-decoration-style: initial; text-decoration-color: initial;\">totes les empreses tenen l&#8217;obligaci\u00f3 d&#8217;establir el registre de jornada<\/strong><span style=\"color:rgb(123,123,123); font-family:Helvetica,Arial,sans-serif; font-size:13px; font-style:normal; font-variant-ligatures:normal; font-variant-caps:normal; font-weight:400; letter-spacing:normal; orphans:2text-indent:0px; text-transform:none; white-space:normal; widows:2; word-spacing:0px; -webkit-text-stroke-width:0px; background-color:rgb(255,255,255); text-decoration-style:initial; text-decoration-color:initial; display:inline!important; float:none; text-align:left;\">, per\u00f2 les empreses que tinguin representaci\u00f3 legal de les persones treballadores hauran d\u2019efectuar una consulta pr\u00e8via i establir un sistema de manera negociada. Nom\u00e9s en el cas de no arribar a un acord es podr\u00e0 implementar el sistema que decideixi l\u2019empresari. Per tant, recomanem efectuar una acta de les negociacions portades a terme pr\u00e8viament a la implantaci\u00f3 del sistema de registre escollit en cas que hi hagi representaci\u00f3 legal de les persones treballadores. <\/span><\/p>\n<p><!--more--><\/p>\n","protected":false},"excerpt":{"rendered":"<p>PIMEC ofereix als socis de la UBE una soluci\u00f3 tecnol\u00f2gica gratu\u00efta Tenint en compte que les petites i mitjanes empreses son les m\u00e9s afectades per aquesta problem\u00e0tica per la seva estructura, PIMEC ha posat al servei dels socis i de manera gratu\u00efta una soluci\u00f3 tecnol\u00f2gica que permet registrar les entrades i les sortides dels treballadors&#8230;<\/p>\n<p class=\"more-link\"><a href=\"https:\/\/www.ube.cat\/web\/2019\/05\/14\/els-socis-de-la-ube-gaudeixen-duna-solucio-tecnologica-gratuita-per-gestionar-el-registre-horari-dels-seus-treballadors-ubesplugues-esplugues-pimecomec\/\" class=\"themebutton\">Read More<\/a><\/p>\n","protected":false},"author":1,"featured_media":0,"comment_status":"closed","ping_status":"open","sticky":false,"template":"","format":"standard","meta":{"jetpack_post_was_ever_published":false,"_jetpack_newsletter_access":"","jetpack_publicize_message":"","jetpack_is_tweetstorm":false,"jetpack_publicize_feature_enabled":true,"jetpack_social_post_already_shared":true,"jetpack_social_options":{"image_generator_settings":{"template":"highway","enabled":false}}},"categories":[3,1],"tags":[],"jetpack_publicize_connections":[],"jetpack_featured_media_url":"","jetpack_sharing_enabled":true,"jetpack_shortlink":"https:\/\/wp.me\/p9FdUF-Ui","_links":{"self":[{"href":"https:\/\/www.ube.cat\/web\/wp-json\/wp\/v2\/posts\/3490"}],"collection":[{"href":"https:\/\/www.ube.cat\/web\/wp-json\/wp\/v2\/posts"}],"about":[{"href":"https:\/\/www.ube.cat\/web\/wp-json\/wp\/v2\/types\/post"}],"author":[{"embeddable":true,"href":"https:\/\/www.ube.cat\/web\/wp-json\/wp\/v2\/users\/1"}],"replies":[{"embeddable":true,"href":"https:\/\/www.ube.cat\/web\/wp-json\/wp\/v2\/comments?post=3490"}],"version-history":[{"count":1,"href":"https:\/\/www.ube.cat\/web\/wp-json\/wp\/v2\/posts\/3490\/revisions"}],"predecessor-version":[{"id":3491,"href":"https:\/\/www.ube.cat\/web\/wp-json\/wp\/v2\/posts\/3490\/revisions\/3491"}],"wp:attachment":[{"href":"https:\/\/www.ube.cat\/web\/wp-json\/wp\/v2\/media?parent=3490"}],"wp:term":[{"taxonomy":"category","embeddable":true,"href":"https:\/\/www.ube.cat\/web\/wp-json\/wp\/v2\/categories?post=3490"},{"taxonomy":"post_tag","embeddable":true,"href":"https:\/\/www.ube.cat\/web\/wp-json\/wp\/v2\/tags?post=3490"}],"curies":[{"name":"wp","href":"https:\/\/api.w.org\/{rel}","templated":true}]}}