{"id":3501,"date":"2019-05-30T07:53:42","date_gmt":"2019-05-30T07:53:42","guid":{"rendered":"http:\/\/www.ube.cat\/web\/?p=3501"},"modified":"2019-05-30T07:54:42","modified_gmt":"2019-05-30T07:54:42","slug":"noves-mesures-per-afrontar-el-repte-de-la-digitalitzacio-del-comerc","status":"publish","type":"post","link":"https:\/\/www.ube.cat\/web\/2019\/05\/30\/noves-mesures-per-afrontar-el-repte-de-la-digitalitzacio-del-comerc\/","title":{"rendered":"Noves mesures per afrontar el repte de la  digitalitzaci\u00f3 del comer\u00e7"},"content":{"rendered":"<p><img decoding=\"async\" loading=\"lazy\" src=\"http:\/\/www.ube.cat\/web\/wp-content\/uploads\/2019\/05\/screenshot_20190528-133943_whatsapp296680869131461416.jpg\" class=\"wp-image-3500 alignnone size-full\" width=\"1280\" height=\"720\" data-temp-aztec-id=\"630f27ca-ece9-410b-8d71-14fbfa59685b\" srcset=\"https:\/\/www.ube.cat\/web\/wp-content\/uploads\/2019\/05\/screenshot_20190528-133943_whatsapp296680869131461416.jpg 1280w, https:\/\/www.ube.cat\/web\/wp-content\/uploads\/2019\/05\/screenshot_20190528-133943_whatsapp296680869131461416-300x169.jpg 300w, https:\/\/www.ube.cat\/web\/wp-content\/uploads\/2019\/05\/screenshot_20190528-133943_whatsapp296680869131461416-768x432.jpg 768w, https:\/\/www.ube.cat\/web\/wp-content\/uploads\/2019\/05\/screenshot_20190528-133943_whatsapp296680869131461416-1024x576.jpg 1024w\" sizes=\"(max-width: 1280px) 100vw, 1280px\" \/><\/p>\n<p><strong>Durant la passada trobada de comer\u00e7 del Baix i l&#8217;Hospitalet la MH Consellera \u00c0ngels Chac\u00f3n ens anunci\u00e0 noves ajudes per posar al dia e<\/strong>l <strong>comer\u00e7 local en quant el repte digital.<\/strong><\/p>\n<p>Fruit del treball i an\u00e0lisi que la conselleria ha dut a terme durant els passats mesos, el departament de la Generalitat ens disposa prostes i pressupost per a qu\u00e9 el comer\u00e7 de proximitat pugui afrontat amb m\u00e9s facilitat el repte, i adaptar-se als nous h\u00e0bits dels consumidors.<\/p>\n<p>Segons la conselleria calia fer un estudi i un treball de fons per triar b\u00e9 quins mecanismes garantirien millor actualitzar les capacitats del comer\u00e7, i posar-lo al dia de l&#8217;exigent panorama actual.<\/p>\n<p>El President Iban Salvador agra\u00ed les noves mesures anunciades a la Consellera \u00c0ngels Chac\u00f3n.<\/p>\n","protected":false},"excerpt":{"rendered":"<p>Durant la passada trobada de comer\u00e7 del Baix i l&#8217;Hospitalet la MH Consellera \u00c0ngels Chac\u00f3n ens anunci\u00e0 noves ajudes per posar al dia el comer\u00e7 local en quant el repte digital. Fruit del treball i an\u00e0lisi que la conselleria ha dut a terme durant els passats mesos, el departament de la Generalitat ens disposa prostes&#8230;<\/p>\n<p class=\"more-link\"><a href=\"https:\/\/www.ube.cat\/web\/2019\/05\/30\/noves-mesures-per-afrontar-el-repte-de-la-digitalitzacio-del-comerc\/\" class=\"themebutton\">Read More<\/a><\/p>\n","protected":false},"author":1,"featured_media":0,"comment_status":"closed","ping_status":"open","sticky":false,"template":"","format":"standard","meta":{"jetpack_post_was_ever_published":false,"_jetpack_newsletter_access":"","jetpack_publicize_message":"","jetpack_is_tweetstorm":false,"jetpack_publicize_feature_enabled":true,"jetpack_social_post_already_shared":true,"jetpack_social_options":{"image_generator_settings":{"template":"highway","enabled":false}}},"categories":[3,1],"tags":[],"jetpack_publicize_connections":[],"jetpack_featured_media_url":"","jetpack_sharing_enabled":true,"jetpack_shortlink":"https:\/\/wp.me\/p9FdUF-Ut","_links":{"self":[{"href":"https:\/\/www.ube.cat\/web\/wp-json\/wp\/v2\/posts\/3501"}],"collection":[{"href":"https:\/\/www.ube.cat\/web\/wp-json\/wp\/v2\/posts"}],"about":[{"href":"https:\/\/www.ube.cat\/web\/wp-json\/wp\/v2\/types\/post"}],"author":[{"embeddable":true,"href":"https:\/\/www.ube.cat\/web\/wp-json\/wp\/v2\/users\/1"}],"replies":[{"embeddable":true,"href":"https:\/\/www.ube.cat\/web\/wp-json\/wp\/v2\/comments?post=3501"}],"version-history":[{"count":1,"href":"https:\/\/www.ube.cat\/web\/wp-json\/wp\/v2\/posts\/3501\/revisions"}],"predecessor-version":[{"id":3502,"href":"https:\/\/www.ube.cat\/web\/wp-json\/wp\/v2\/posts\/3501\/revisions\/3502"}],"wp:attachment":[{"href":"https:\/\/www.ube.cat\/web\/wp-json\/wp\/v2\/media?parent=3501"}],"wp:term":[{"taxonomy":"category","embeddable":true,"href":"https:\/\/www.ube.cat\/web\/wp-json\/wp\/v2\/categories?post=3501"},{"taxonomy":"post_tag","embeddable":true,"href":"https:\/\/www.ube.cat\/web\/wp-json\/wp\/v2\/tags?post=3501"}],"curies":[{"name":"wp","href":"https:\/\/api.w.org\/{rel}","templated":true}]}}