{"id":3513,"date":"2019-07-02T11:55:53","date_gmt":"2019-07-02T11:55:53","guid":{"rendered":"http:\/\/www.ube.cat\/web\/?p=3513"},"modified":"2019-07-02T11:57:49","modified_gmt":"2019-07-02T11:57:49","slug":"la-ube-i-esplugues-sense-barreres-junts-per-laccessibilitat-del-comerc-desplugues","status":"publish","type":"post","link":"https:\/\/www.ube.cat\/web\/2019\/07\/02\/la-ube-i-esplugues-sense-barreres-junts-per-laccessibilitat-del-comerc-desplugues\/","title":{"rendered":"La UBE i Esplugues Sense Barreres, junts per l&#8217;accessibilitat del comer\u00e7 d&#8217;Esplugues"},"content":{"rendered":"<p><img decoding=\"async\" loading=\"lazy\" class=\"wp-image-3512 alignnone size-full\" src=\"http:\/\/www.ube.cat\/web\/wp-content\/uploads\/2019\/07\/20190701_1114214907097545850456860.jpg\" width=\"3000\" height=\"2250\" srcset=\"https:\/\/www.ube.cat\/web\/wp-content\/uploads\/2019\/07\/20190701_1114214907097545850456860.jpg 3000w, https:\/\/www.ube.cat\/web\/wp-content\/uploads\/2019\/07\/20190701_1114214907097545850456860-300x225.jpg 300w, https:\/\/www.ube.cat\/web\/wp-content\/uploads\/2019\/07\/20190701_1114214907097545850456860-768x576.jpg 768w, https:\/\/www.ube.cat\/web\/wp-content\/uploads\/2019\/07\/20190701_1114214907097545850456860-1024x768.jpg 1024w, https:\/\/www.ube.cat\/web\/wp-content\/uploads\/2019\/07\/20190701_1114214907097545850456860-380x285.jpg 380w, https:\/\/www.ube.cat\/web\/wp-content\/uploads\/2019\/07\/20190701_1114214907097545850456860-285x214.jpg 285w\" sizes=\"(max-width: 3000px) 100vw, 3000px\" \/><\/p>\n<p>Dos anys de col.laboraci\u00f3 entre les entitats i l&#8217;Ajuntament ens han dut a l&#8217;acord de permetre les rampes access\u00f2ries en aquells comer\u00e7os amb dificultats t\u00e9cniques per fer la rampa d&#8217;obra. La rampa s&#8217;ha de retirar quan el client ha superat la porta.<\/p>\n<p>Tot i que la rampa \u00e9s requerida en les noves apertures, amb la rampa homologada que vam presentar durant el passat Firesplugues, el comer\u00e7 pot garantir l&#8217;accessibilitat a les persones amb diversitat de mobilitat; cadires de rodes, caminadors, cotxets, vehicles per gent gran, etc.<\/p>\n<p>El nostre soci Ortop\u00e8dia Hugu\u00e9, en distribueix i ens pot assessorar quina necessitem a ra\u00f3 de l&#8217;al\u00e7ada a superar i l&#8217;amplitud de l&#8217;acera; tel\u00e8fon 933 71 46 32.<\/p>\n<p><strong>Per m\u00e9s informaci\u00f3:<\/strong><\/p>\n<p>Ibn Salvador, President de la UBE, m\u00f2bil 616474208.<\/p>\n<p>Antonio, President Esplugues Sense Barreres, m\u00f2bil 722387507.<\/p>\n","protected":false},"excerpt":{"rendered":"<p>Dos anys de col.laboraci\u00f3 entre les entitats i l&#8217;Ajuntament ens han dut a l&#8217;acord de permetre les rampes access\u00f2ries en aquells comer\u00e7os amb dificultats t\u00e9cniques per fer la rampa d&#8217;obra. La rampa s&#8217;ha de retirar quan el client ha superat la porta. Tot i que la rampa \u00e9s requerida en les noves apertures, amb la&#8230;<\/p>\n<p class=\"more-link\"><a href=\"https:\/\/www.ube.cat\/web\/2019\/07\/02\/la-ube-i-esplugues-sense-barreres-junts-per-laccessibilitat-del-comerc-desplugues\/\" class=\"themebutton\">Read More<\/a><\/p>\n","protected":false},"author":1,"featured_media":0,"comment_status":"closed","ping_status":"open","sticky":false,"template":"","format":"standard","meta":{"jetpack_post_was_ever_published":false,"_jetpack_newsletter_access":"","jetpack_publicize_message":"","jetpack_is_tweetstorm":false,"jetpack_publicize_feature_enabled":true,"jetpack_social_post_already_shared":true,"jetpack_social_options":{"image_generator_settings":{"template":"highway","enabled":false}}},"categories":[1],"tags":[],"jetpack_publicize_connections":[],"jetpack_featured_media_url":"","jetpack_sharing_enabled":true,"jetpack_shortlink":"https:\/\/wp.me\/p9FdUF-UF","_links":{"self":[{"href":"https:\/\/www.ube.cat\/web\/wp-json\/wp\/v2\/posts\/3513"}],"collection":[{"href":"https:\/\/www.ube.cat\/web\/wp-json\/wp\/v2\/posts"}],"about":[{"href":"https:\/\/www.ube.cat\/web\/wp-json\/wp\/v2\/types\/post"}],"author":[{"embeddable":true,"href":"https:\/\/www.ube.cat\/web\/wp-json\/wp\/v2\/users\/1"}],"replies":[{"embeddable":true,"href":"https:\/\/www.ube.cat\/web\/wp-json\/wp\/v2\/comments?post=3513"}],"version-history":[{"count":2,"href":"https:\/\/www.ube.cat\/web\/wp-json\/wp\/v2\/posts\/3513\/revisions"}],"predecessor-version":[{"id":3515,"href":"https:\/\/www.ube.cat\/web\/wp-json\/wp\/v2\/posts\/3513\/revisions\/3515"}],"wp:attachment":[{"href":"https:\/\/www.ube.cat\/web\/wp-json\/wp\/v2\/media?parent=3513"}],"wp:term":[{"taxonomy":"category","embeddable":true,"href":"https:\/\/www.ube.cat\/web\/wp-json\/wp\/v2\/categories?post=3513"},{"taxonomy":"post_tag","embeddable":true,"href":"https:\/\/www.ube.cat\/web\/wp-json\/wp\/v2\/tags?post=3513"}],"curies":[{"name":"wp","href":"https:\/\/api.w.org\/{rel}","templated":true}]}}