{"id":3516,"date":"2019-07-05T13:32:23","date_gmt":"2019-07-05T13:32:23","guid":{"rendered":"http:\/\/www.ube.cat\/web\/?p=3516"},"modified":"2019-07-05T13:32:45","modified_gmt":"2019-07-05T13:32:45","slug":"subvencions-per-a-la-nova-implantacio-de-comercos-la-millora-dels-establiments-i-la-instal%c2%b7lacio-de-sistemes-de-click-collect","status":"publish","type":"post","link":"https:\/\/www.ube.cat\/web\/2019\/07\/05\/subvencions-per-a-la-nova-implantacio-de-comercos-la-millora-dels-establiments-i-la-instal%c2%b7lacio-de-sistemes-de-click-collect\/","title":{"rendered":"Subvencions per a la nova implantaci\u00f3 de comer\u00e7os, la millora dels establiments i la instal\u00b7laci\u00f3 de sistemes de \u201cClick &#038; Collect\u201d"},"content":{"rendered":"<p><img decoding=\"async\" loading=\"lazy\" src=\"http:\/\/www.ube.cat\/web\/wp-content\/uploads\/2019\/07\/subvenciones1481054724322413211.jpg\" class=\"wp-image-3518 alignnone size-full\" width=\"630\" height=\"354\" srcset=\"https:\/\/www.ube.cat\/web\/wp-content\/uploads\/2019\/07\/subvenciones1481054724322413211.jpg 630w, https:\/\/www.ube.cat\/web\/wp-content\/uploads\/2019\/07\/subvenciones1481054724322413211-300x169.jpg 300w\" sizes=\"(max-width: 630px) 100vw, 630px\" \/><br \/>\n<span style=\"color:rgb(32,32,32); font-family:helvetica; font-size:16px; font-style:normal; font-variant-ligatures:normal; font-variant-caps:normal; font-weight:400; letter-spacing:normal; orphans:2text-indent:0px; text-transform:none; white-space:normal; widows:2; word-spacing:0px; -webkit-text-stroke-width:0px; background-color:rgb(255,255,255); text-decoration-style:initial; text-decoration-color:initial; display:inline!important; float:none; text-align:left;\"><span style=\"color:rgb(32,32,32); font-family:helvetica; font-size:16px; font-style:normal; font-variant-ligatures:normal; font-variant-caps:normal; font-weight:400; letter-spacing:normal; orphans:2text-indent:0px; text-transform:none; white-space:normal; widows:2; word-spacing:0px; -webkit-text-stroke-width:0px; background-color:rgb(255,255,255); text-decoration-style:initial; text-decoration-color:initial; display:inline!important; float:none; text-align:left;\">Des del proper dilluns, 8 de juliol, i fins a exhauriment de pressupost amb el l\u00edmit m\u00e0xim del dia 31 de desembre de 2019, les empreses i aut\u00f2noms poden presentar les sol\u00b7licituds per acollir-se a aquesta nova l\u00ednia d\u2019ajuts, que s\u2019emmarca en el pla anual de subvencions que convoca el Consorci de Comer\u00e7, Artesania i Moda (CCAM) del Departament d\u2019Empresa i Coneixement.<\/span><br \/>\n<span style=\"color:rgb(32,32,32); font-family:helvetica; font-size:16px; font-style:normal; font-variant-ligatures:normal; font-variant-caps:normal; font-weight:400; letter-spacing:normal; orphans:2text-indent:0px; text-transform:none; white-space:normal; widows:2; word-spacing:0px; -webkit-text-stroke-width:0px; background-color:rgb(255,255,255); text-decoration-style:initial; text-decoration-color:initial; display:inline!important; float:none; text-align:left;\"> <\/span><br \/>\n<span style=\"color:rgb(32,32,32); font-family:helvetica; font-size:16px; font-style:normal; font-variant-ligatures:normal; font-variant-caps:normal; font-weight:400; letter-spacing:normal; orphans:2text-indent:0px; text-transform:none; white-space:normal; widows:2; word-spacing:0px; -webkit-text-stroke-width:0px; background-color:rgb(255,255,255); text-decoration-style:initial; text-decoration-color:initial; display:inline!important; float:none; text-align:left;\">Amb aquesta nova l\u00ednia, el CCAM reitera el seu suport al comer\u00e7 amb l\u2019objectiu de donar resposta als grans reptes del comer\u00e7, generar models de negoci competitius i prestigiar el sector.<\/span><br \/>\n<span style=\"color:rgb(32,32,32); font-family:helvetica; font-size:16px; font-style:normal; font-variant-ligatures:normal; font-variant-caps:normal; font-weight:400; letter-spacing:normal; orphans:2text-indent:0px; text-transform:none; white-space:normal; widows:2; word-spacing:0px; -webkit-text-stroke-width:0px; background-color:rgb(255,255,255); text-decoration-style:initial; text-decoration-color:initial; display:inline!important; float:none; text-align:left;\"> <\/span><br \/>\n<span style=\"color:rgb(32,32,32); font-family:helvetica; font-size:16px; font-style:normal; font-variant-ligatures:normal; font-variant-caps:normal; font-weight:400; letter-spacing:normal; orphans:2text-indent:0px; text-transform:none; white-space:normal; widows:2; word-spacing:0px; -webkit-text-stroke-width:0px; background-color:rgb(255,255,255); text-decoration-style:initial; text-decoration-color:initial; display:inline!important; float:none; text-align:left;\">L\u2019objectiu d\u2019aquests ajuts \u00e9s dinamitzar el comer\u00e7 mitjan\u00e7ant la recuperaci\u00f3 de locals buits, la reforma d\u2019establiments o parades de mercats municipals, aix\u00ed com la instal\u00b7laci\u00f3 de sistemes de recollida en els establiments.<\/span><br \/>\n<span style=\"color:rgb(32,32,32); font-family:helvetica; font-size:16px; font-style:normal; font-variant-ligatures:normal; font-variant-caps:normal; font-weight:400; letter-spacing:normal; orphans:2text-indent:0px; text-transform:none; white-space:normal; widows:2; word-spacing:0px; -webkit-text-stroke-width:0px; background-color:rgb(255,255,255); text-decoration-style:initial; text-decoration-color:initial; display:inline!important; float:none; text-align:left;\"> <\/span><br \/>\n<span style=\"color:rgb(32,32,32); font-family:helvetica; font-size:16px; font-style:normal; font-variant-ligatures:normal; font-variant-caps:normal; font-weight:400; letter-spacing:normal; orphans:2text-indent:0px; text-transform:none; white-space:normal; widows:2; word-spacing:0px; -webkit-text-stroke-width:0px; background-color:rgb(255,255,255); text-decoration-style:initial; text-decoration-color:initial; display:inline!important; float:none; text-align:left;\">Els beneficiaris s\u00f3n les empreses de comer\u00e7, serveis, moda i artesania, i les parades de mercats municipals sedentaris i no sedentaris.<\/span><br \/>\n<span style=\"color:rgb(32,32,32); font-family:helvetica; font-size:16px; font-style:normal; font-variant-ligatures:normal; font-variant-caps:normal; font-weight:400; letter-spacing:normal; orphans:2text-indent:0px; text-transform:none; white-space:normal; widows:2; word-spacing:0px; -webkit-text-stroke-width:0px; background-color:rgb(255,255,255); text-decoration-style:initial; text-decoration-color:initial; display:inline!important; float:none; text-align:left;\">En l\u2019\u00e0mbit de<span> <\/span><\/span><strong style=\"color: rgb(32, 32, 32); font-family: helvetica; font-size: 16px; font-style: normal; font-variant-ligatures: normal; font-variant-caps: normal; letter-spacing: normal; orphans: 2; text-align: justify; text-indent: 0px; text-transform: none; white-space: normal; widows: 2; word-spacing: 0px; -webkit-text-stroke-width: 0px; background-color: rgb(255, 255, 255); text-decoration-style: initial; text-decoration-color: initial;\">recuperaci\u00f3 dels locals buits,<\/strong><span style=\"color:rgb(32,32,32); font-family:helvetica; font-size:16px; font-style:normal; font-variant-ligatures:normal; font-variant-caps:normal; font-weight:400; letter-spacing:normal; orphans:2text-indent:0px; text-transform:none; white-space:normal; widows:2; word-spacing:0px; -webkit-text-stroke-width:0px; background-color:rgb(255,255,255); text-decoration-style:initial; text-decoration-color:initial; display:inline!important; float:none; text-align:left;\"><span> <\/span>la subvenci\u00f3 contempla la compra, arrendament o concessi\u00f3 administrativa de locals; l\u2019\u00fas d\u2019aparadors de locals tancats; la continu\u00eftat de l\u2019empresa comercial o, l\u2019ampliaci\u00f3 de la superf\u00edcie de venda annexionant un nou local.<\/span><br \/>\n<span style=\"color:rgb(32,32,32); font-family:helvetica; font-size:16px; font-style:normal; font-variant-ligatures:normal; font-variant-caps:normal; font-weight:400; letter-spacing:normal; orphans:2text-indent:0px; text-transform:none; white-space:normal; widows:2; word-spacing:0px; -webkit-text-stroke-width:0px; background-color:rgb(255,255,255); text-decoration-style:initial; text-decoration-color:initial; display:inline!important; float:none; text-align:left;\">En l\u2019\u00e0mbit de<span> <\/span><\/span><strong style=\"color: rgb(32, 32, 32); font-family: helvetica; font-size: 16px; font-style: normal; font-variant-ligatures: normal; font-variant-caps: normal; letter-spacing: normal; orphans: 2; text-align: justify; text-indent: 0px; text-transform: none; white-space: normal; widows: 2; word-spacing: 0px; -webkit-text-stroke-width: 0px; background-color: rgb(255, 255, 255); text-decoration-style: initial; text-decoration-color: initial;\">reforma d&#8217;establiments,<\/strong><span><strong style=\"color: rgb(32, 32, 32); font-family: helvetica; font-size: 16px; font-style: normal; font-variant-ligatures: normal; font-variant-caps: normal; letter-spacing: normal; orphans: 2; text-align: justify; text-indent: 0px; text-transform: none; white-space: normal; widows: 2; word-spacing: 0px; -webkit-text-stroke-width: 0px; background-color: rgb(255, 255, 255); text-decoration-style: initial; text-decoration-color: initial;\"> <\/strong><\/span><span style=\"color:rgb(32,32,32); font-family:helvetica; font-size:16px; font-style:normal; font-variant-ligatures:normal; font-variant-caps:normal; font-weight:400; letter-spacing:normal; orphans:2text-indent:0px; text-transform:none; white-space:normal; widows:2; word-spacing:0px; -webkit-text-stroke-width:0px; background-color:rgb(255,255,255); text-decoration-style:initial; text-decoration-color:initial; display:inline!important; float:none; text-align:left;\">la subvenci\u00f3 preveu la reforma de l\u2019establiment en parades de mercats municipals sedentaris; l\u2019adequaci\u00f3 de les parades de mercats municipals no sedentaris o, la reforma de l&#8217;establiment de botigues a peu de carrer que tinguin una antiguitat m\u00ednima de 10 anys.<\/span><br \/>\n<span style=\"color:rgb(32,32,32); font-family:helvetica; font-size:16px; font-style:normal; font-variant-ligatures:normal; font-variant-caps:normal; font-weight:400; letter-spacing:normal; orphans:2text-indent:0px; text-transform:none; white-space:normal; widows:2; word-spacing:0px; -webkit-text-stroke-width:0px; background-color:rgb(255,255,255); text-decoration-style:initial; text-decoration-color:initial; display:inline!important; float:none; text-align:left;\">En l`\u00e0mbit<span> <\/span><\/span><strong style=\"color: rgb(32, 32, 32); font-family: helvetica; font-size: 16px; font-style: normal; font-variant-ligatures: normal; font-variant-caps: normal; letter-spacing: normal; orphans: 2; text-align: justify; text-indent: 0px; text-transform: none; white-space: normal; widows: 2; word-spacing: 0px; -webkit-text-stroke-width: 0px; background-color: rgb(255, 255, 255); text-decoration-style: initial; text-decoration-color: initial;\">d\u2019implantaci\u00f3 de sistemes de \u201cClick &amp; Collect<\/strong><span style=\"color:rgb(32,32,32); font-family:helvetica; font-size:16px; font-style:normal; font-variant-ligatures:normal; font-variant-caps:normal; font-weight:400; letter-spacing:normal; orphans:2text-indent:0px; text-transform:none; white-space:normal; widows:2; word-spacing:0px; -webkit-text-stroke-width:0px; background-color:rgb(255,255,255); text-decoration-style:initial; text-decoration-color:initial; display:inline!important; float:none; text-align:left;\">\u201d, la l\u00ednia d\u2019ajuts preveu la instal\u00b7laci\u00f3 de sistemes digitalitzats de punts de recollida (compra de guixetes i\/o armaris amb el software corresponent). Seran benefici\u00e0ries les botigues a peu de carrer i les parades de mercats municipals sedentaris que disposin de l&#8217;espai suficient per incorporar punts de recollida digitalitzats.<\/span>es del proper dilluns, 8 de juliol, i fins a exhauriment de pressupost amb el l\u00edmit m\u00e0xim del dia 31 de desembre de 2019, les empreses i aut\u00f2noms poden presentar les sol\u00b7licituds per acollir-se a aquesta nova l\u00ednia d\u2019ajuts, que s\u2019emmarca en el pla anual de subvencions que convoca el Consorci de Comer\u00e7, Artesania i Moda (CCAM) del Departament d\u2019Empresa i Coneixement.<\/span><br \/>\n<span style=\"color:rgb(32,32,32); font-family:helvetica; font-size:16px; font-style:normal; font-variant-ligatures:normal; font-variant-caps:normal; font-weight:400; letter-spacing:normal; orphans:2text-indent:0px; text-transform:none; white-space:normal; widows:2; word-spacing:0px; -webkit-text-stroke-width:0px; background-color:rgb(255,255,255); text-decoration-style:initial; text-decoration-color:initial; display:inline!important; float:none; text-align:left;\"> <\/span><br \/>\n<span style=\"color:rgb(32,32,32); font-family:helvetica; font-size:16px; font-style:normal; font-variant-ligatures:normal; font-variant-caps:normal; font-weight:400; letter-spacing:normal; orphans:2text-indent:0px; text-transform:none; white-space:normal; widows:2; word-spacing:0px; -webkit-text-stroke-width:0px; background-color:rgb(255,255,255); text-decoration-style:initial; text-decoration-color:initial; display:inline!important; float:none; text-align:left;\">Amb aquesta nova l\u00ednia, el CCAM reitera el seu suport al comer\u00e7 amb l\u2019objectiu de donar resposta als grans reptes del comer\u00e7, generar models de negoci competitius i prestigiar el sector.<\/span><br \/>\n<span style=\"color:rgb(32,32,32); font-family:helvetica; font-size:16px; font-style:normal; font-variant-ligatures:normal; font-variant-caps:normal; font-weight:400; letter-spacing:normal; orphans:2text-indent:0px; text-transform:none; white-space:normal; widows:2; word-spacing:0px; -webkit-text-stroke-width:0px; background-color:rgb(255,255,255); text-decoration-style:initial; text-decoration-color:initial; display:inline!important; float:none; text-align:left;\"> <\/span><br \/>\n<span style=\"color:rgb(32,32,32); font-family:helvetica; font-size:16px; font-style:normal; font-variant-ligatures:normal; font-variant-caps:normal; font-weight:400; letter-spacing:normal; orphans:2text-indent:0px; text-transform:none; white-space:normal; widows:2; word-spacing:0px; -webkit-text-stroke-width:0px; background-color:rgb(255,255,255); text-decoration-style:initial; text-decoration-color:initial; display:inline!important; float:none; text-align:left;\">L\u2019objectiu d\u2019aquests ajuts \u00e9s dinamitzar el comer\u00e7 mitjan\u00e7ant la recuperaci\u00f3 de locals buits, la reforma d\u2019establiments o parades de mercats municipals, aix\u00ed com la instal\u00b7laci\u00f3 de sistemes de recollida en els establiments.<\/span><br \/>\n<span style=\"color:rgb(32,32,32); font-family:helvetica; font-size:16px; font-style:normal; font-variant-ligatures:normal; font-variant-caps:normal; font-weight:400; letter-spacing:normal; orphans:2text-indent:0px; text-transform:none; white-space:normal; widows:2; word-spacing:0px; -webkit-text-stroke-width:0px; background-color:rgb(255,255,255); text-decoration-style:initial; text-decoration-color:initial; display:inline!important; float:none; text-align:left;\"> <\/span><br \/>\n<span style=\"color:rgb(32,32,32); font-family:helvetica; font-size:16px; font-style:normal; font-variant-ligatures:normal; font-variant-caps:normal; font-weight:400; letter-spacing:normal; orphans:2text-indent:0px; text-transform:none; white-space:normal; widows:2; word-spacing:0px; -webkit-text-stroke-width:0px; background-color:rgb(255,255,255); text-decoration-style:initial; text-decoration-color:initial; display:inline!important; float:none; text-align:left;\">Els beneficiaris s\u00f3n les empreses de comer\u00e7, serveis, moda i artesania, i les parades de mercats municipals sedentaris i no sedentaris.<\/span><br \/>\n<span style=\"color:rgb(32,32,32); font-family:helvetica; font-size:16px; font-style:normal; font-variant-ligatures:normal; font-variant-caps:normal; font-weight:400; letter-spacing:normal; orphans:2text-indent:0px; text-transform:none; white-space:normal; widows:2; word-spacing:0px; -webkit-text-stroke-width:0px; background-color:rgb(255,255,255); text-decoration-style:initial; text-decoration-color:initial; display:inline!important; float:none; text-align:left;\">En l\u2019\u00e0mbit de<span> <\/span><\/span><strong style=\"color: rgb(32, 32, 32); font-family: helvetica; font-size: 16px; font-style: normal; font-variant-ligatures: normal; font-variant-caps: normal; letter-spacing: normal; orphans: 2; text-align: justify; text-indent: 0px; text-transform: none; white-space: normal; widows: 2; word-spacing: 0px; -webkit-text-stroke-width: 0px; background-color: rgb(255, 255, 255); text-decoration-style: initial; text-decoration-color: initial;\">recuperaci\u00f3 dels locals buits,<\/strong><span style=\"color:rgb(32,32,32); font-family:helvetica; font-size:16px; font-style:normal; font-variant-ligatures:normal; font-variant-caps:normal; font-weight:400; letter-spacing:normal; orphans:2text-indent:0px; text-transform:none; white-space:normal; widows:2; word-spacing:0px; -webkit-text-stroke-width:0px; background-color:rgb(255,255,255); text-decoration-style:initial; text-decoration-color:initial; display:inline!important; float:none; text-align:left;\"><span> <\/span>la subvenci\u00f3 contempla la compra, arrendament o concessi\u00f3 administrativa de locals; l\u2019\u00fas d\u2019aparadors de locals tancats; la continu\u00eftat de l\u2019empresa comercial o, l\u2019ampliaci\u00f3 de la superf\u00edcie de venda annexionant un nou local.<\/span><br \/>\n<span style=\"color:rgb(32,32,32); font-family:helvetica; font-size:16px; font-style:normal; font-variant-ligatures:normal; font-variant-caps:normal; font-weight:400; letter-spacing:normal; orphans:2text-indent:0px; text-transform:none; white-space:normal; widows:2; word-spacing:0px; -webkit-text-stroke-width:0px; background-color:rgb(255,255,255); text-decoration-style:initial; text-decoration-color:initial; display:inline!important; float:none; text-align:left;\">En l\u2019\u00e0mbit de<span> <\/span><\/span><strong style=\"color: rgb(32, 32, 32); font-family: helvetica; font-size: 16px; font-style: normal; font-variant-ligatures: normal; font-variant-caps: normal; letter-spacing: normal; orphans: 2; text-align: justify; text-indent: 0px; text-transform: none; white-space: normal; widows: 2; word-spacing: 0px; -webkit-text-stroke-width: 0px; background-color: rgb(255, 255, 255); text-decoration-style: initial; text-decoration-color: initial;\">reforma d&#8217;establiments,<\/strong><span><strong style=\"color: rgb(32, 32, 32); font-family: helvetica; font-size: 16px; font-style: normal; font-variant-ligatures: normal; font-variant-caps: normal; letter-spacing: normal; orphans: 2; text-align: justify; text-indent: 0px; text-transform: none; white-space: normal; widows: 2; word-spacing: 0px; -webkit-text-stroke-width: 0px; background-color: rgb(255, 255, 255); text-decoration-style: initial; text-decoration-color: initial;\"> <\/strong><\/span><span style=\"color:rgb(32,32,32); font-family:helvetica; font-size:16px; font-style:normal; font-variant-ligatures:normal; font-variant-caps:normal; font-weight:400; letter-spacing:normal; orphans:2text-indent:0px; text-transform:none; white-space:normal; widows:2; word-spacing:0px; -webkit-text-stroke-width:0px; background-color:rgb(255,255,255); text-decoration-style:initial; text-decoration-color:initial; display:inline!important; float:none; text-align:left;\">la subvenci\u00f3 preveu la reforma de l\u2019establiment en parades de mercats municipals sedentaris; l\u2019adequaci\u00f3 de les parades de mercats municipals no sedentaris o, la reforma de l&#8217;establiment de botigues a peu de carrer que tinguin una antiguitat m\u00ednima de 10 anys.<\/span><br \/>\n<span style=\"color:rgb(32,32,32); font-family:helvetica; font-size:16px; font-style:normal; font-variant-ligatures:normal; font-variant-caps:normal; font-weight:400; letter-spacing:normal; orphans:2text-indent:0px; text-transform:none; white-space:normal; widows:2; word-spacing:0px; -webkit-text-stroke-width:0px; background-color:rgb(255,255,255); text-decoration-style:initial; text-decoration-color:initial; display:inline!important; float:none; text-align:left;\">En l`\u00e0mbit<span> <\/span><\/span><strong style=\"color: rgb(32, 32, 32); font-family: helvetica; font-size: 16px; font-style: normal; font-variant-ligatures: normal; font-variant-caps: normal; letter-spacing: normal; orphans: 2; text-align: justify; text-indent: 0px; text-transform: none; white-space: normal; widows: 2; word-spacing: 0px; -webkit-text-stroke-width: 0px; background-color: rgb(255, 255, 255); text-decoration-style: initial; text-decoration-color: initial;\">d\u2019implantaci\u00f3 de sistemes de \u201cClick &amp; Collect<\/strong><span style=\"color:rgb(32,32,32); font-family:helvetica; font-size:16px; font-style:normal; font-variant-ligatures:normal; font-variant-caps:normal; font-weight:400; letter-spacing:normal; orphans:2text-indent:0px; text-transform:none; white-space:normal; widows:2; word-spacing:0px; -webkit-text-stroke-width:0px; background-color:rgb(255,255,255); text-decoration-style:initial; text-decoration-color:initial; display:inline!important; float:none; text-align:left;\">\u201d, la l\u00ednia d\u2019ajuts preveu la instal\u00b7laci\u00f3 de sistemes digitalitzats de punts de recollida (compra de guixetes i\/o armaris amb el software corresponent). Seran benefici\u00e0ries les botigues a peu de carrer i les parades de mercats municipals sedentaris que disposin de l&#8217;espai suficient per incorporar punts de recollida digitalitzats.<\/span><\/p>\n<p style=\"text-align:center;\"><a href=\"https:\/\/gencat.us19.list-manage.com\/track\/click?u=58af8900e388c2f2559612b42&amp;id=f3e51fdcd2&amp;e=88d488c848\">M\u00e9s informaci\u00f3<\/a>.<\/p>\n","protected":false},"excerpt":{"rendered":"<p>Des del proper dilluns, 8 de juliol, i fins a exhauriment de pressupost amb el l\u00edmit m\u00e0xim del dia 31 de desembre de 2019, les empreses i aut\u00f2noms poden presentar les sol\u00b7licituds per acollir-se a aquesta nova l\u00ednia d\u2019ajuts, que s\u2019emmarca en el pla anual de subvencions que convoca el Consorci de Comer\u00e7, Artesania i&#8230;<\/p>\n<p class=\"more-link\"><a href=\"https:\/\/www.ube.cat\/web\/2019\/07\/05\/subvencions-per-a-la-nova-implantacio-de-comercos-la-millora-dels-establiments-i-la-instal%c2%b7lacio-de-sistemes-de-click-collect\/\" class=\"themebutton\">Read More<\/a><\/p>\n","protected":false},"author":1,"featured_media":0,"comment_status":"closed","ping_status":"open","sticky":false,"template":"","format":"standard","meta":{"jetpack_post_was_ever_published":false,"_jetpack_newsletter_access":"","jetpack_publicize_message":"","jetpack_is_tweetstorm":false,"jetpack_publicize_feature_enabled":true,"jetpack_social_post_already_shared":true,"jetpack_social_options":{"image_generator_settings":{"template":"highway","enabled":false}}},"categories":[1],"tags":[],"jetpack_publicize_connections":[],"jetpack_featured_media_url":"","jetpack_sharing_enabled":true,"jetpack_shortlink":"https:\/\/wp.me\/p9FdUF-UI","_links":{"self":[{"href":"https:\/\/www.ube.cat\/web\/wp-json\/wp\/v2\/posts\/3516"}],"collection":[{"href":"https:\/\/www.ube.cat\/web\/wp-json\/wp\/v2\/posts"}],"about":[{"href":"https:\/\/www.ube.cat\/web\/wp-json\/wp\/v2\/types\/post"}],"author":[{"embeddable":true,"href":"https:\/\/www.ube.cat\/web\/wp-json\/wp\/v2\/users\/1"}],"replies":[{"embeddable":true,"href":"https:\/\/www.ube.cat\/web\/wp-json\/wp\/v2\/comments?post=3516"}],"version-history":[{"count":2,"href":"https:\/\/www.ube.cat\/web\/wp-json\/wp\/v2\/posts\/3516\/revisions"}],"predecessor-version":[{"id":3519,"href":"https:\/\/www.ube.cat\/web\/wp-json\/wp\/v2\/posts\/3516\/revisions\/3519"}],"wp:attachment":[{"href":"https:\/\/www.ube.cat\/web\/wp-json\/wp\/v2\/media?parent=3516"}],"wp:term":[{"taxonomy":"category","embeddable":true,"href":"https:\/\/www.ube.cat\/web\/wp-json\/wp\/v2\/categories?post=3516"},{"taxonomy":"post_tag","embeddable":true,"href":"https:\/\/www.ube.cat\/web\/wp-json\/wp\/v2\/tags?post=3516"}],"curies":[{"name":"wp","href":"https:\/\/api.w.org\/{rel}","templated":true}]}}