{"id":3524,"date":"2019-08-03T13:40:01","date_gmt":"2019-08-03T13:40:01","guid":{"rendered":"http:\/\/www.ube.cat\/web\/?p=3524"},"modified":"2019-08-03T13:40:32","modified_gmt":"2019-08-03T13:40:32","slug":"subvencio-suport-a-la-nova-implantacio-de-comercos-i-millora-comercial-dels-establiments-i-la-instal%c2%b7lacio-de-sistemes-de-click-collect","status":"publish","type":"post","link":"https:\/\/www.ube.cat\/web\/2019\/08\/03\/subvencio-suport-a-la-nova-implantacio-de-comercos-i-millora-comercial-dels-establiments-i-la-instal%c2%b7lacio-de-sistemes-de-click-collect\/","title":{"rendered":"SUBVENCI\u00d3 &#8211; Suport a la nova implantaci\u00f3 de comer\u00e7os i millora comercial dels establiments i la instal\u00b7laci\u00f3 de sistemes de \u201cClick &#038; Collect\u201d."},"content":{"rendered":"<p style=\"color:rgb(0,0,0); font-family:sans-serif; font-size:12.8px; font-style:normal; font-variant-ligatures:normal; font-variant-caps:normal; font-weight:400; letter-spacing:normal; orphans:2text-indent:0px; text-transform:none; white-space:normal; widows:2; word-spacing:0px; -webkit-text-stroke-width:0px; text-decoration-style:initial; text-decoration-color:initial; text-align:left;\"><img decoding=\"async\" loading=\"lazy\" src=\"http:\/\/www.ube.cat\/web\/wp-content\/uploads\/2019\/07\/subvenciones1481054724322413211.jpg\" width=\"630\" height=\"354\" class=\"wp-image-3518 alignnone size-full\" srcset=\"https:\/\/www.ube.cat\/web\/wp-content\/uploads\/2019\/07\/subvenciones1481054724322413211.jpg 630w, https:\/\/www.ube.cat\/web\/wp-content\/uploads\/2019\/07\/subvenciones1481054724322413211-300x169.jpg 300w\" sizes=\"(max-width: 630px) 100vw, 630px\" \/><\/p>\n<p>D<font size=\"2\" face=\"Arial\">es de la<\/font><span><font size=\"2\" face=\"Arial\"> <\/font><\/span><font size=\"2\" face=\"Arial\"><b><u>GENERALITAT DE CATALUNYA<\/u><\/b><\/font><font size=\"2\" face=\"Arial\">, el<\/font><font size=\"2\" face=\"Arial\"><b><u>CONSORCI DE COMER\u00c7, ARTESANIA I MODA DE CATALUNYA<\/u><\/b><\/font><span><font size=\"2\" face=\"Arial\"><b><u> <\/u><\/b><\/font><\/span><font size=\"2\" face=\"Arial\">ha<\/font><span><font size=\"2\" face=\"Arial\"><b> <\/b><\/font><\/span><font size=\"2\" face=\"Arial\">aprovat les Bases i la Convocat\u00f2ria per a la sol\u00b7licitud i atorgament d\u2019ajuts econ\u00f2mics destinats a:<\/font><\/p>\n<p style=\"color:rgb(0,0,0); font-family:sans-serif; font-size:12.8px; font-style:normal; font-variant-ligatures:normal; font-variant-caps:normal; font-weight:400; letter-spacing:normal; orphans:2text-indent:0px; text-transform:none; white-space:normal; widows:2; word-spacing:0px; -webkit-text-stroke-width:0px; text-decoration-style:initial; text-decoration-color:initial; text-align:left;\"><font size=\"2\" face=\"Arial\"><b><u>Suport a la nova implantaci\u00f3 de comer\u00e7os i millora comercial dels establiments i la instal\u00b7laci\u00f3 de sistemes de \u201cClick &amp; Collect\u201d.<\/u><\/b><\/font><\/p>\n<p style=\"color:rgb(0,0,0); font-family:sans-serif; font-size:12.8px; font-style:normal; font-variant-ligatures:normal; font-variant-caps:normal; font-weight:400; letter-spacing:normal; orphans:2text-indent:0px; text-transform:none; white-space:normal; widows:2; word-spacing:0px; -webkit-text-stroke-width:0px; text-decoration-style:initial; text-decoration-color:initial; text-align:left;\"><font size=\"2\" face=\"Arial\"><b>Objectiu:<\/b><\/font><span><font size=\"2\" face=\"Arial\"> <\/font><\/span><font size=\"2\" face=\"Arial\">Dinamitzar el comer\u00e7 mitjan\u00e7ant projectes de recuperaci\u00f3 dels locals buits situats a la trama urbana consolidada del municipi, o al casc hist\u00f2ric i els seus eixamples. Garantir el mix comercial \u00f2ptim i adequat a cada zona, incrementant-ne l&#8217;atractiu i evitant el trencament del continu comercial mitjan\u00e7ant la reforma d&#8217;establiments amb un grau d&#8217;antiguitat o parades de mercats municipals. Reduir el n\u00famero de despla\u00e7aments dins dels pobles i ciutats mitjan\u00e7ant la instal.laci\u00f3 de sistemes de recollida als establiments.<\/font><\/p>\n<p style=\"color:rgb(0,0,0); font-family:sans-serif; font-size:12.8px; font-style:normal; font-variant-ligatures:normal; font-variant-caps:normal; font-weight:400; letter-spacing:normal; orphans:2text-indent:0px; text-transform:none; white-space:normal; widows:2; word-spacing:0px; -webkit-text-stroke-width:0px; text-decoration-style:initial; text-decoration-color:initial; text-align:left;\"><font size=\"2\" face=\"Arial\"><b><u>Persones benefici\u00e0ries:<\/u><\/b><\/font><\/p>\n<p style=\"color:rgb(0,0,0); font-family:sans-serif; font-size:12.8px; font-style:normal; font-variant-ligatures:normal; font-variant-caps:normal; font-weight:400; letter-spacing:normal; orphans:2text-indent:0px; text-transform:none; white-space:normal; widows:2; word-spacing:0px; -webkit-text-stroke-width:0px; text-decoration-style:initial; text-decoration-color:initial; text-align:left;\"><font size=\"2\" face=\"Symbol\">\u00b7        <\/font><font size=\"2\" face=\"Symbol\">Empreses de comer\u00e7 i serveis, artesania i moda.<\/font><span> <\/span><br \/>\n<font size=\"2\" face=\"Symbol\">\u00b7        <\/font><font size=\"2\" face=\"Symbol\">Parades de mercats municipals sedentaris i no sedentaris.<\/font><span> <\/span><\/p>\n<p><font size=\"2\" face=\"Arial\"><b><u>Accions subvencionables:<\/u><\/b><\/font><\/p>\n<p style=\"color:rgb(0,0,0); font-family:sans-serif; font-size:12.8px; font-style:normal; font-variant-ligatures:normal; font-variant-caps:normal; font-weight:400; letter-spacing:normal; orphans:2text-indent:0px; text-transform:none; white-space:normal; widows:2; word-spacing:0px; -webkit-text-stroke-width:0px; text-decoration-style:initial; text-decoration-color:initial; text-align:left;\"><font size=\"2\" face=\"Arial\">\u00c0mbit 1: recuperaci\u00f3 dels locals buits<\/font><\/p>\n<p style=\"color:rgb(0,0,0); font-family:sans-serif; font-size:12.8px; font-style:normal; font-variant-ligatures:normal; font-variant-caps:normal; font-weight:400; letter-spacing:normal; orphans:2text-indent:0px; text-transform:none; white-space:normal; widows:2; word-spacing:0px; -webkit-text-stroke-width:0px; text-decoration-style:initial; text-decoration-color:initial; text-align:left;\"><font size=\"2\" face=\"Symbol\">\u00b7        <\/font><font size=\"2\" face=\"Symbol\">La compra, arrendament o concessi\u00f3 administrativa de locals.<\/font><span> <\/span><br \/>\n<font size=\"2\" face=\"Symbol\">\u00b7        <\/font><font size=\"2\" face=\"Symbol\">L&#8217;\u00fas d&#8217;aparadors de locals tancats.<\/font><span> <\/span><br \/>\n<font size=\"2\" face=\"Symbol\">\u00b7        <\/font><font size=\"2\" face=\"Symbol\">La continu\u00eftat de l&#8217;empresa comercial.<\/font><span> <\/span><br \/>\n<font size=\"2\" face=\"Symbol\">\u00b7        <\/font><font size=\"2\" face=\"Symbol\">L&#8217;ampliaci\u00f3 de la superf\u00edcie de venda annexionant un nou local.<\/font><span> <\/span><\/p>\n<p><font size=\"2\" face=\"Arial\">\u00c0mbit 2: reforma d&#8217;establiments:<\/font><\/p>\n<p style=\"color:rgb(0,0,0); font-family:sans-serif; font-size:12.8px; font-style:normal; font-variant-ligatures:normal; font-variant-caps:normal; font-weight:400; letter-spacing:normal; orphans:2text-indent:0px; text-transform:none; white-space:normal; widows:2; word-spacing:0px; -webkit-text-stroke-width:0px; text-decoration-style:initial; text-decoration-color:initial; text-align:left;\"><font size=\"2\" face=\"Symbol\">\u00b7        <\/font><font size=\"2\" face=\"Symbol\">La reforma de l&#8217;establiment en parades de mercats municipals sedentaris<\/font><span> <\/span><br \/>\n<font size=\"2\" face=\"Symbol\">\u00b7        <\/font><font size=\"2\" face=\"Symbol\">L&#8217;adequaci\u00f3 de les parades de mercats municipals no sedentaris (on el sol\u00b7licitant n&#8217;acrediti la titularitat en, com a m\u00ednim, els darrers 5 anys).<\/font><span> <\/span><br \/>\n<font size=\"2\" face=\"Symbol\">\u00b7        <\/font><font size=\"2\" face=\"Symbol\">La reforma de l&#8217;establiment de botigues a peu de carrer que tinguin una antiguitat m\u00ednima de 10 anys (on el sol\u00b7licitant n&#8217;acrediti la titularitat en, com a m\u00ednim, els darrers 10 anys).<\/font><span> <\/span><\/p>\n<p><font size=\"2\" face=\"Arial\">\u00c0mbit 3: sistemes de \u201cClick &amp; Collect\u201d:<\/font><\/p>\n<p style=\"color:rgb(0,0,0); font-family:sans-serif; font-size:12.8px; font-style:normal; font-variant-ligatures:normal; font-variant-caps:normal; font-weight:400; letter-spacing:normal; orphans:2text-indent:0px; text-transform:none; white-space:normal; widows:2; word-spacing:0px; -webkit-text-stroke-width:0px; text-decoration-style:initial; text-decoration-color:initial; text-align:left;\"><font size=\"2\" face=\"Symbol\">\u00b7        <\/font><font size=\"2\" face=\"Symbol\">Instal\u00b7laci\u00f3 de sistemes digitalitzats de punts de recollida (compra de guixetes i\/o armaris amb el software corresponent).<\/font><span> <\/span><\/p>\n<p><font size=\"2\" face=\"Arial\"><b><u>Requisits:<\/u><\/b><\/font><span><font size=\"2\" face=\"Arial\"><b> <\/b><\/font><\/span><font size=\"2\" face=\"Arial\">Que la inversi\u00f3 m\u00ednima subvencionable sigui de 2.000,00 euros.<\/font><\/p>\n<p style=\"color:rgb(0,0,0); font-family:sans-serif; font-size:12.8px; font-style:normal; font-variant-ligatures:normal; font-variant-caps:normal; font-weight:400; letter-spacing:normal; orphans:2text-indent:0px; text-transform:none; white-space:normal; widows:2; word-spacing:0px; -webkit-text-stroke-width:0px; text-decoration-style:initial; text-decoration-color:initial; text-align:left;\"><font size=\"2\" face=\"Arial\">\u00c0mbit 1:<\/font><\/p>\n<p style=\"color:rgb(0,0,0); font-family:sans-serif; font-size:12.8px; font-style:normal; font-variant-ligatures:normal; font-variant-caps:normal; font-weight:400; letter-spacing:normal; orphans:2text-indent:0px; text-transform:none; white-space:normal; widows:2; word-spacing:0px; -webkit-text-stroke-width:0px; text-decoration-style:initial; text-decoration-color:initial; text-align:left;\"><font size=\"2\" face=\"Symbol\">\u00b7        <\/font><font size=\"2\" face=\"Symbol\">En cas de compra, lloguer o autoritzaci\u00f3 d&#8217;\u00fas o concessi\u00f3 administrativa, ser el titular del contracte corresponent.<\/font><span> <\/span><br \/>\n<font size=\"2\" face=\"Symbol\">\u00b7        <\/font><font size=\"2\" face=\"Symbol\">Els establiments s&#8217;han de destinar a l&#8217;explotaci\u00f3 d&#8217;alguna activitat de comer\u00e7 al detall.<\/font><span> <\/span><br \/>\n<font size=\"2\" face=\"Symbol\">\u00b7        <\/font><font size=\"2\" face=\"Symbol\">Han de disposar del corresponent perm\u00eds municipal.<\/font><span> <\/span><br \/>\n<font size=\"2\" face=\"Symbol\">\u00b7        <\/font><font size=\"2\" face=\"Symbol\">Queden excloses aquelles inversions que superin els 60.000,00 euros i les concessions administratives corresponents a inauguracions de mercats municipals.<\/font><span> <\/span><\/p>\n<p><font size=\"2\" face=\"Arial\">\u00c0mbit 2:<\/font><\/p>\n<p style=\"color:rgb(0,0,0); font-family:sans-serif; font-size:12.8px; font-style:normal; font-variant-ligatures:normal; font-variant-caps:normal; font-weight:400; letter-spacing:normal; orphans:2text-indent:0px; text-transform:none; white-space:normal; widows:2; word-spacing:0px; -webkit-text-stroke-width:0px; text-decoration-style:initial; text-decoration-color:initial; text-align:left;\"><font size=\"2\" face=\"Symbol\">\u00b7        <\/font><font size=\"2\" face=\"Symbol\">En el cas de les parades de mercats municipals no sedentaris, el sol\u00b7licitant n&#8217;ha d&#8217;acreditar la titularitat en, com a m\u00ednim, 5 anys.<\/font><span> <\/span><br \/>\n<font size=\"2\" face=\"Symbol\">\u00b7        <\/font><font size=\"2\" face=\"Symbol\">En el cas de les botigues a peu de carrer, el sol\u00b7licitant n&#8217;ha d&#8217;acreditar la titularitat en, com a m\u00ednim, 10 anys (acceptant la possibilitat d&#8217;acreditar-la a trav\u00e9s de la suma amb la titularitat anterior si es tracta d&#8217;un familiar de fins a 2on grau).<\/font><span> <\/span><\/p>\n<p><font size=\"2\" face=\"Arial\">\u00c0mbit 3:<\/font><\/p>\n<p style=\"color:rgb(0,0,0); font-family:sans-serif; font-size:12.8px; font-style:normal; font-variant-ligatures:normal; font-variant-caps:normal; font-weight:400; letter-spacing:normal; orphans:2text-indent:0px; text-transform:none; white-space:normal; widows:2; word-spacing:0px; -webkit-text-stroke-width:0px; text-decoration-style:initial; text-decoration-color:initial; text-align:left;\"><font size=\"2\" face=\"Symbol\">\u00b7        <\/font><font size=\"2\" face=\"Symbol\">Seran benefici\u00e0ries les botigues a peu de carrer i les parades de mercats municipals sedentaris que disposin de l&#8217;espai suficient per incorporar punts de recollida digitalitzats.<\/font><span> <\/span><br \/>\n<font size=\"2\" face=\"Arial\"><b>Quantia de la subvenci\u00f3:<\/b><\/font><span><font size=\"2\" face=\"Arial\"> <\/font><\/span><font size=\"2\" face=\"Arial\">Fins al 50% de les despeses subvencionables amb un m\u00e0xim de 5.000,00 euros.<\/font><\/p>\n<p><font size=\"2\" face=\"Arial\">El Text de les Bases i la convocat\u00f2ria pot ser consultat al web del<\/font><span><font size=\"2\" face=\"Arial\"> <\/font><\/span><font size=\"2\" face=\"Arial\"><b>CONSORCI DE COMER\u00c7, ARTESANIA I MODA DE CATALUNYA<\/b><\/font><span> <\/span><\/p>\n<p><font size=\"2\" face=\"Arial\"><b>Convocat\u00f2ria:<\/b><\/font><span> <\/span><br \/>\n<font size=\"2\" color=\"#0082bf\" face=\"Arial\"><u><a href=\"https:\/\/dogc.gencat.cat\/ca\/pdogc_canals_interns\/pdogc_resultats_fitxa\/?action=fitxa&amp;documentId=853464&amp;language=ca_ES\" style=\"text-decoration: none; color: rgb(66, 133, 244);\">https:\/\/dogc.gencat.cat\/ca\/pdogc_canals_interns\/pdogc_resultats_fitxa\/?action=fitxa&amp;documentId=853464&amp;language=ca_ES<\/a><\/u><\/font><span> <\/span><br \/>\n<font size=\"2\" face=\"Arial\"><b>Bases:<\/b><\/font><font size=\"2\" face=\"Arial\"><u><a href=\"https:\/\/dogc.gencat.cat\/ca\/pdogc_canals_interns\/pdogc_resultats_fitxa\/?action=fitxa&amp;documentId=846466\" style=\"text-decoration: none; color: rgb(66, 133, 244);\">https:\/\/dogc.gencat.cat\/ca\/pdogc_canals_interns\/pdogc_resultats_fitxa\/?action=fitxa&amp;documentId=846466<\/a><\/u><\/font><span> <\/span><br \/>\n<font size=\"2\" face=\"Arial\"><b>Sol.licitud:<\/b><\/font><span> <\/span><br \/>\n<font size=\"2\" color=\"#0082bf\" face=\"Arial\"><u><a href=\"http:\/\/ccam.gencat.cat\/ca\/serveis\/subvencions\/2019\/\" style=\"text-decoration: none; color: rgb(66, 133, 244);\">http:\/\/ccam.gencat.cat\/ca\/serveis\/subvencions\/2019\/<\/a><\/u><\/font><span> <\/span><\/p>\n<p><font size=\"2\" face=\"Arial\">Ben cordialment,<\/font><span><font size=\"2\" face=\"Arial\"> <\/font><\/span><\/p>\n<p><font size=\"2\" face=\"Arial\">Marta Pinte\u00f1o Pi\u00f1ero<\/font><span> <\/span><br \/>\n<font size=\"2\" face=\"Arial\">T\u00e8cnica de Comer\u00e7 i Mercats<\/font><span> <\/span><br \/>\n<font size=\"2\" face=\"Arial\">Servei de Promoci\u00f3 Econ\u00f2mica<\/font><span> <\/span><\/p>\n<p><font size=\"2\" face=\"Arial\">Ajuntament d&#8217;Esplugues de Llobregat<\/font><span> <\/span><br \/>\n<font size=\"2\" face=\"Arial\">93 371 33 50 &#8211; Ext 1135<\/font><\/p>\n","protected":false},"excerpt":{"rendered":"<p>Des de la GENERALITAT DE CATALUNYA, elCONSORCI DE COMER\u00c7, ARTESANIA I MODA DE CATALUNYA ha aprovat les Bases i la Convocat\u00f2ria per a la sol\u00b7licitud i atorgament d\u2019ajuts econ\u00f2mics destinats a: Suport a la nova implantaci\u00f3 de comer\u00e7os i millora comercial dels establiments i la instal\u00b7laci\u00f3 de sistemes de \u201cClick &amp; Collect\u201d. Objectiu: Dinamitzar el&#8230;<\/p>\n<p class=\"more-link\"><a href=\"https:\/\/www.ube.cat\/web\/2019\/08\/03\/subvencio-suport-a-la-nova-implantacio-de-comercos-i-millora-comercial-dels-establiments-i-la-instal%c2%b7lacio-de-sistemes-de-click-collect\/\" class=\"themebutton\">Read More<\/a><\/p>\n","protected":false},"author":1,"featured_media":0,"comment_status":"closed","ping_status":"open","sticky":false,"template":"","format":"standard","meta":{"jetpack_post_was_ever_published":false,"_jetpack_newsletter_access":"","jetpack_publicize_message":"","jetpack_is_tweetstorm":false,"jetpack_publicize_feature_enabled":true,"jetpack_social_post_already_shared":true,"jetpack_social_options":{"image_generator_settings":{"template":"highway","enabled":false}}},"categories":[3,1],"tags":[],"jetpack_publicize_connections":[],"jetpack_featured_media_url":"","jetpack_sharing_enabled":true,"jetpack_shortlink":"https:\/\/wp.me\/p9FdUF-UQ","_links":{"self":[{"href":"https:\/\/www.ube.cat\/web\/wp-json\/wp\/v2\/posts\/3524"}],"collection":[{"href":"https:\/\/www.ube.cat\/web\/wp-json\/wp\/v2\/posts"}],"about":[{"href":"https:\/\/www.ube.cat\/web\/wp-json\/wp\/v2\/types\/post"}],"author":[{"embeddable":true,"href":"https:\/\/www.ube.cat\/web\/wp-json\/wp\/v2\/users\/1"}],"replies":[{"embeddable":true,"href":"https:\/\/www.ube.cat\/web\/wp-json\/wp\/v2\/comments?post=3524"}],"version-history":[{"count":2,"href":"https:\/\/www.ube.cat\/web\/wp-json\/wp\/v2\/posts\/3524\/revisions"}],"predecessor-version":[{"id":3526,"href":"https:\/\/www.ube.cat\/web\/wp-json\/wp\/v2\/posts\/3524\/revisions\/3526"}],"wp:attachment":[{"href":"https:\/\/www.ube.cat\/web\/wp-json\/wp\/v2\/media?parent=3524"}],"wp:term":[{"taxonomy":"category","embeddable":true,"href":"https:\/\/www.ube.cat\/web\/wp-json\/wp\/v2\/categories?post=3524"},{"taxonomy":"post_tag","embeddable":true,"href":"https:\/\/www.ube.cat\/web\/wp-json\/wp\/v2\/tags?post=3524"}],"curies":[{"name":"wp","href":"https:\/\/api.w.org\/{rel}","templated":true}]}}