{"id":3528,"date":"2019-09-03T12:03:26","date_gmt":"2019-09-03T12:03:26","guid":{"rendered":"http:\/\/www.ube.cat\/web\/?p=3528"},"modified":"2019-09-03T12:04:32","modified_gmt":"2019-09-03T12:04:32","slug":"enquesta-sobre-la-campanya-de-rebaixes-i-les-vendes-durant-lestiu-ubesplugues-pimecomerc","status":"publish","type":"post","link":"https:\/\/www.ube.cat\/web\/2019\/09\/03\/enquesta-sobre-la-campanya-de-rebaixes-i-les-vendes-durant-lestiu-ubesplugues-pimecomerc\/","title":{"rendered":"Enquesta sobre la campanya de rebaixes i les vendes durant l&#8217;estiu. @UBEsplugues @PimeComerc"},"content":{"rendered":"<p><img decoding=\"async\" loading=\"lazy\" class=\"wp-image-3527 alignnone size-full\" src=\"http:\/\/www.ube.cat\/web\/wp-content\/uploads\/2019\/09\/enquestes_avaluacio_docent-desembre201502692469062138424259.png\" width=\"480\" height=\"270\" data-temp-aztec-id=\"eb7d8166-6816-4257-8077-20436ae8d1b1\" srcset=\"https:\/\/www.ube.cat\/web\/wp-content\/uploads\/2019\/09\/enquestes_avaluacio_docent-desembre201502692469062138424259.png 480w, https:\/\/www.ube.cat\/web\/wp-content\/uploads\/2019\/09\/enquestes_avaluacio_docent-desembre201502692469062138424259-300x169.png 300w\" sizes=\"(max-width: 480px) 100vw, 480px\" \/><\/p>\n<p>Benvolguts\/des,<\/p>\n<p>Amb la voluntat de con\u00e8ixer una mica millor el panorama general del comer\u00e7 de proximitat us demanem col.laboraci\u00f3 cumplimentant la seg\u00fcent enquesta:<\/p>\n<p><a target=\"_blank\" rel=\"noopener noreferrer\" href=\"https:\/\/bdsite.pimec.org\/survey\/start\/partners-enquesta-de-pimecomerc-als-comercos-de-catalunya-sobre-la-campanya-de-rebaixes-i-les-vendes-d-estiu-44\">https:\/\/bdsite.pimec.org\/survey\/start\/partners-enquesta-de-pimecomerc-als-comercos-de-catalunya-sobre-la-campanya-de-rebaixes-i-les-vendes-d-estiu-44<\/a><\/p>\n<p>La informaci\u00f3 recullida ens \u00e9s molt \u00fatil per afrontar el projecte de suport a comer\u00e7 local.<\/p>\n<p>Moltes gr\u00e0cies!<\/p>\n","protected":false},"excerpt":{"rendered":"<p>Benvolguts\/des, Amb la voluntat de con\u00e8ixer una mica millor el panorama general del comer\u00e7 de proximitat us demanem col.laboraci\u00f3 cumplimentant la seg\u00fcent enquesta: https:\/\/bdsite.pimec.org\/survey\/start\/partners-enquesta-de-pimecomerc-als-comercos-de-catalunya-sobre-la-campanya-de-rebaixes-i-les-vendes-d-estiu-44 La informaci\u00f3 recullida ens \u00e9s molt \u00fatil per afrontar el projecte de suport a comer\u00e7 local. Moltes gr\u00e0cies!<\/p>\n","protected":false},"author":1,"featured_media":0,"comment_status":"closed","ping_status":"open","sticky":false,"template":"","format":"standard","meta":{"jetpack_post_was_ever_published":false,"_jetpack_newsletter_access":"","jetpack_publicize_message":"","jetpack_is_tweetstorm":false,"jetpack_publicize_feature_enabled":true,"jetpack_social_post_already_shared":true,"jetpack_social_options":{"image_generator_settings":{"template":"highway","enabled":false}}},"categories":[1],"tags":[],"jetpack_publicize_connections":[],"jetpack_featured_media_url":"","jetpack_sharing_enabled":true,"jetpack_shortlink":"https:\/\/wp.me\/p9FdUF-UU","_links":{"self":[{"href":"https:\/\/www.ube.cat\/web\/wp-json\/wp\/v2\/posts\/3528"}],"collection":[{"href":"https:\/\/www.ube.cat\/web\/wp-json\/wp\/v2\/posts"}],"about":[{"href":"https:\/\/www.ube.cat\/web\/wp-json\/wp\/v2\/types\/post"}],"author":[{"embeddable":true,"href":"https:\/\/www.ube.cat\/web\/wp-json\/wp\/v2\/users\/1"}],"replies":[{"embeddable":true,"href":"https:\/\/www.ube.cat\/web\/wp-json\/wp\/v2\/comments?post=3528"}],"version-history":[{"count":3,"href":"https:\/\/www.ube.cat\/web\/wp-json\/wp\/v2\/posts\/3528\/revisions"}],"predecessor-version":[{"id":3531,"href":"https:\/\/www.ube.cat\/web\/wp-json\/wp\/v2\/posts\/3528\/revisions\/3531"}],"wp:attachment":[{"href":"https:\/\/www.ube.cat\/web\/wp-json\/wp\/v2\/media?parent=3528"}],"wp:term":[{"taxonomy":"category","embeddable":true,"href":"https:\/\/www.ube.cat\/web\/wp-json\/wp\/v2\/categories?post=3528"},{"taxonomy":"post_tag","embeddable":true,"href":"https:\/\/www.ube.cat\/web\/wp-json\/wp\/v2\/tags?post=3528"}],"curies":[{"name":"wp","href":"https:\/\/api.w.org\/{rel}","templated":true}]}}