{"id":3533,"date":"2019-09-19T07:55:58","date_gmt":"2019-09-19T07:55:58","guid":{"rendered":"http:\/\/www.ube.cat\/web\/?p=3533"},"modified":"2019-09-19T07:57:51","modified_gmt":"2019-09-19T07:57:51","slug":"parlem-de-comerc-a-radio-sant-feliu-ubesplugues-pimecomerc","status":"publish","type":"post","link":"https:\/\/www.ube.cat\/web\/2019\/09\/19\/parlem-de-comerc-a-radio-sant-feliu-ubesplugues-pimecomerc\/","title":{"rendered":"Parlem de comer\u00e7 a Radio Sant Feliu. @UBEsplugues @PimeComerc"},"content":{"rendered":"<p><img decoding=\"async\" loading=\"lazy\" class=\"size-large wp-image-3532 aligncenter\" src=\"http:\/\/www.ube.cat\/web\/wp-content\/uploads\/2019\/09\/20190918_1201164589541978366103209.jpg\" width=\"1024\" height=\"576\" data-temp-aztec-id=\"a0e9b7e7-2af4-4dd1-adda-328111446625\" srcset=\"https:\/\/www.ube.cat\/web\/wp-content\/uploads\/2019\/09\/20190918_1201164589541978366103209.jpg 3000w, https:\/\/www.ube.cat\/web\/wp-content\/uploads\/2019\/09\/20190918_1201164589541978366103209-300x169.jpg 300w, https:\/\/www.ube.cat\/web\/wp-content\/uploads\/2019\/09\/20190918_1201164589541978366103209-768x432.jpg 768w, https:\/\/www.ube.cat\/web\/wp-content\/uploads\/2019\/09\/20190918_1201164589541978366103209-1024x576.jpg 1024w\" sizes=\"(max-width: 1024px) 100vw, 1024px\" \/><\/p>\n<p>El President Iban Salvador, i la t\u00e9cnica Amparo Vinaja parlen de comer\u00e7 a Radio dant Feliu.<\/p>\n<p>Podeu escoltar l&#8217;entrevista en el seg\u00fcent enlla\u00e7:<\/p>\n<p><a href=\"http:\/\/enacast.com\/sharer\/?type=podcast&amp;radio=radiosantfeliu&amp;program=elmirall&amp;podcast_id=radiosantfeliu_podcast_6094&amp;s=2516&amp;ref=wa\" class=\"broken_link\">http:\/\/enacast.com\/sharer\/?type=podcast&amp;radio=radiosantfeliu&amp;program=elmirall&amp;podcast_id=radiosantfeliu_podcast_6094&amp;s=2516&amp;ref=wa<\/a><\/p>\n","protected":false},"excerpt":{"rendered":"<p>El President Iban Salvador, i la t\u00e9cnica Amparo Vinaja parlen de comer\u00e7 a Radio dant Feliu. Podeu escoltar l&#8217;entrevista en el seg\u00fcent enlla\u00e7: http:\/\/enacast.com\/sharer\/?type=podcast&amp;radio=radiosantfeliu&amp;program=elmirall&amp;podcast_id=radiosantfeliu_podcast_6094&amp;s=2516&amp;ref=wa<\/p>\n","protected":false},"author":1,"featured_media":0,"comment_status":"closed","ping_status":"open","sticky":false,"template":"","format":"standard","meta":{"jetpack_post_was_ever_published":false,"_jetpack_newsletter_access":"","jetpack_publicize_message":"","jetpack_is_tweetstorm":false,"jetpack_publicize_feature_enabled":true,"jetpack_social_post_already_shared":true,"jetpack_social_options":{"image_generator_settings":{"template":"highway","enabled":false}}},"categories":[1],"tags":[],"jetpack_publicize_connections":[],"jetpack_featured_media_url":"","jetpack_sharing_enabled":true,"jetpack_shortlink":"https:\/\/wp.me\/p9FdUF-UZ","_links":{"self":[{"href":"https:\/\/www.ube.cat\/web\/wp-json\/wp\/v2\/posts\/3533"}],"collection":[{"href":"https:\/\/www.ube.cat\/web\/wp-json\/wp\/v2\/posts"}],"about":[{"href":"https:\/\/www.ube.cat\/web\/wp-json\/wp\/v2\/types\/post"}],"author":[{"embeddable":true,"href":"https:\/\/www.ube.cat\/web\/wp-json\/wp\/v2\/users\/1"}],"replies":[{"embeddable":true,"href":"https:\/\/www.ube.cat\/web\/wp-json\/wp\/v2\/comments?post=3533"}],"version-history":[{"count":2,"href":"https:\/\/www.ube.cat\/web\/wp-json\/wp\/v2\/posts\/3533\/revisions"}],"predecessor-version":[{"id":3535,"href":"https:\/\/www.ube.cat\/web\/wp-json\/wp\/v2\/posts\/3533\/revisions\/3535"}],"wp:attachment":[{"href":"https:\/\/www.ube.cat\/web\/wp-json\/wp\/v2\/media?parent=3533"}],"wp:term":[{"taxonomy":"category","embeddable":true,"href":"https:\/\/www.ube.cat\/web\/wp-json\/wp\/v2\/categories?post=3533"},{"taxonomy":"post_tag","embeddable":true,"href":"https:\/\/www.ube.cat\/web\/wp-json\/wp\/v2\/tags?post=3533"}],"curies":[{"name":"wp","href":"https:\/\/api.w.org\/{rel}","templated":true}]}}