{"id":3581,"date":"2019-12-21T06:32:32","date_gmt":"2019-12-21T06:32:32","guid":{"rendered":"http:\/\/www.ube.cat\/web\/?p=3581"},"modified":"2019-12-21T06:33:15","modified_gmt":"2019-12-21T06:33:15","slug":"els-nous-llocs-de-treball-en-el-comerc-i-les-cuses-de-lalta-rotacio","status":"publish","type":"post","link":"https:\/\/www.ube.cat\/web\/2019\/12\/21\/els-nous-llocs-de-treball-en-el-comerc-i-les-cuses-de-lalta-rotacio\/","title":{"rendered":"Els nous llocs de treball en el comer\u00e7 i les cuses de l&#8217;alta rotaci\u00f3"},"content":{"rendered":"<p><img decoding=\"async\" loading=\"lazy\" src=\"http:\/\/www.ube.cat\/web\/wp-content\/uploads\/2016\/10\/img_1465.gif\" width=\"266\" height=\"138\" class=\"wp-image-2489 alignnone size-full\" animated-media=\"animated-media\" \/><\/p><div style=\"color:rgb(0,0,0); font-style:normal; font-variant-ligatures:normal; font-variant-caps:normal; font-weight:400; letter-spacing:normal; orphans:2text-indent:0px; text-transform:none; white-space:normal; widows:2; word-spacing:0px; -webkit-text-stroke-width:0px; text-decoration-style:initial; text-decoration-color:initial; font-family:calibri,arial,helvetica,sans-serif; font-size:12pt; text-align:left;\"><div><div dir=\"ltr\" style=\"font-size:12pt; color:rgb(0,0,0); font-family:calibri,helvetica,sans-serif,emojifont,\"applecoloremoji\",\"segoeuiemoji\",notocoloremoji,\"segoeuisymbol\",\"androidemoji\",emojisymbols;\"><p style=\"margin: 0cm 0cm 0.0001pt; font-size: 11pt; font-family: calibri, sans-serif; color: rgb(32, 31, 30); text-align: justify;\"><span style=\"font-family:calibri,helvetica,sans-serif; font-size:12pt;\">Benvolguts\/des,<\/span><\/p><p style=\"margin: 0cm 0cm 0.0001pt; font-size: 11pt; font-family: calibri, sans-serif; color: rgb(32, 31, 30); text-align: justify;\"><\/p><p style=\"margin: 0cm 0cm 0.0001pt; font-size: 11pt; font-family: calibri, sans-serif; color: rgb(32, 31, 30); text-align: justify;\"><span style=\"font-family:calibri,helvetica,sans-serif; font-size:12pt;\">Per si pot ser del vostre inter\u00e8s, informar-vos\u00a0que\u00a0la Direcci\u00f3 General de Comer\u00e7 organitza la jornada de presentaci\u00f3 de l&#8217;Estudi: \u00ab<b><i>Els nous llocs de treball en el comer\u00e7 i les causes de l&#8217;alta rotaci\u00f3\u00bb<\/i><\/b>, que tindr\u00e0 lloc el proper<span>\u00a0<\/span><b>dimarts, 21 de gener, de 10h a 11.45h al Movistar Centre<\/b><span>\u00a0<\/span>(Pl. de Catalunya, cantonada Portal de l&#8217;\u00c0ngel).<\/span><\/p><p style=\"margin: 0cm 0cm 0.0001pt; font-size: 11pt; font-family: calibri, sans-serif; color: rgb(32, 31, 30); text-align: justify;\"><\/p><p style=\"margin: 0cm 0cm 0.0001pt; font-size: 11pt; font-family: calibri, sans-serif; color: rgb(32, 31, 30); text-align: justify;\"><span style=\"font-family:calibri,helvetica,sans-serif; font-size:12pt;\">Aquest treball analitza com les noves tecnologies estan modificant els llocs de treball de les empreses comercials, com es creen noves ocupacions i quina \u00e9s la demanda de noves habilitats i compet\u00e8ncies. La primera part de l\u2019informe presenta 18 fitxes amb una descripci\u00f3 dels llocs de treball amb m\u00e9s futur en el comer\u00e7. La segona part, m\u00e9s quantitativa, ofereix un c\u00e0lcul de les despeses que la rotaci\u00f3 de personal pot arribar a ocasionar a les empreses comercials, diferenciant entre les diferents posicions de l\u2019organigrama i diferents conceptes de despesa.<\/span><\/p><p style=\"margin: 0cm 0cm 0.0001pt; font-size: 11pt; font-family: calibri, sans-serif; color: rgb(32, 31, 30); text-align: justify;\"><\/p><p style=\"margin: 0cm 0cm 0.0001pt; font-size: 11pt; font-family: calibri, sans-serif; color: rgb(32, 31, 30); text-align: justify;\"><span style=\"margin:0px; font-size:10pt; font-family:verdana,sans-serif; color:black;\"><\/span><\/p><p style=\"margin: 0cm 0cm 0.0001pt; font-size: 11pt; font-family: calibri, sans-serif; color: rgb(32, 31, 30); text-align: justify;\"><span style=\"margin:0px; font-size:10pt; font-family:verdana,sans-serif; color:black;\">\u00a0<\/span><span style=\"color:black; font-family:calibri,helvetica,sans-serif; font-size:12pt;\">El programa de l\u2019acte ser\u00e0 el seg\u00fcent:<\/span><\/p><p style=\"margin: 0cm 0cm 0.0001pt; font-size: 11pt; font-family: calibri, sans-serif; color: rgb(32, 31, 30); text-align: justify;\"><span style=\"margin:0px; font-size:12pt; font-family:calibri,helvetica,sans-serif; color:black;\">\u00a0<\/span><\/p><p style=\"margin: 0cm 0cm 0.0001pt 35.4pt; font-size: 11pt; font-family: calibri, sans-serif; color: rgb(32, 31, 30); text-align: justify;\"><span style=\"margin:0px; font-size:12pt; font-family:calibri,helvetica,sans-serif; color:black;\">09:45h &#8211; 10:00h:\u00a0\u00a0\u00a0\u00a0 Acreditacions\u00a0<\/span><\/p><p style=\"margin: 0cm 0cm 0.0001pt 35.4pt; font-size: 11pt; font-family: calibri, sans-serif; color: rgb(32, 31, 30); text-align: justify;\"><span style=\"margin:0px; font-size:12pt; font-family:calibri,helvetica,sans-serif; color:black;\">10:00h &#8211; 10:15h:\u00a0\u00a0\u00a0\u00a0 Benvinguda institucional<\/span><\/p><p style=\"margin: 0cm 0cm 0.0001pt 35.4pt; font-size: 11pt; font-family: calibri, sans-serif; color: rgb(32, 31, 30); text-align: justify;\"><span style=\"margin:0px; font-size:12pt; font-family:calibri,helvetica,sans-serif; color:black;\">10:15h &#8211; 10:45h:\u00a0\u00a0\u00a0\u00a0 Presentaci\u00f3 de l\u2019estudi, a c\u00e0rrec del senyor Josep Capell, Soci Director de Ceinsa<\/span><\/p><p style=\"margin: 0cm 0cm 0.0001pt 35.4pt; font-size: 11pt; font-family: calibri, sans-serif; color: rgb(32, 31, 30); text-align: justify;\"><span style=\"margin:0px; font-size:12pt; font-family:calibri,helvetica,sans-serif; color:black;\">10:45h &#8211; 11:30h:\u00a0\u00a0\u00a0\u00a0 Taula rodona \u201cNous reptes de la gesti\u00f3 de persones en retail\u201d, amb la participaci\u00f3 d\u2019empreses comercials amb actuacions destacables en aquesta mat\u00e8ria<\/span><\/p><p style=\"margin: 0cm 0cm 0.0001pt 35.4pt; font-size: 11pt; font-family: calibri, sans-serif; color: rgb(32, 31, 30); text-align: justify;\"><span style=\"margin:0px; font-size:12pt; font-family:calibri,helvetica,sans-serif; color:black;\">11:30h &#8211; 11:45h:\u00a0\u00a0\u00a0\u00a0 Precs i preguntes<\/span><\/p><p style=\"margin: 0cm 0cm 0.0001pt 35.4pt; font-size: 11pt; font-family: calibri, sans-serif; color: rgb(32, 31, 30); text-align: justify;\"><span style=\"color:black; font-family:calibri,helvetica,sans-serif; font-size:12pt;\"><\/span><\/p><p style=\"margin: 0cm 0cm 0.0001pt 35.4pt; font-size: 11pt; font-family: calibri, sans-serif; color: rgb(32, 31, 30); text-align: justify;\"><span style=\"color:black; font-family:calibri,helvetica,sans-serif; font-size:12pt;\">Per poder formalitzar les inscripcions a l&#8217;acte, pot fer-se a trav\u00e9s d&#8217;aquest enlla\u00e7:\u00a0<a href=\"http:\/\/ccam.gencat.cat\/ca\/serveis\/Inscripcions\/estudi-de-noves-ocupacions\/\" style=\"text-decoration: none; color: rgb(66, 133, 244);\" class=\"broken_link\">http:\/\/ccam.gencat.cat\/ca\/serveis\/Inscripcions\/estudi-de-noves-ocupacions\/<\/a><\/span><\/p><p style=\"margin: 0cm 0cm 0.0001pt 35.4pt; text-align: justify;\"><\/p><\/div><\/div><\/div><div style=\"color:rgb(0,0,0); font-style:normal; font-variant-ligatures:normal; font-variant-caps:normal; font-weight:400; letter-spacing:normal; orphans:2text-indent:0px; text-transform:none; white-space:normal; widows:2; word-spacing:0px; -webkit-text-stroke-width:0px; text-decoration-style:initial; text-decoration-color:initial; font-family:calibri,arial,helvetica,sans-serif; font-size:12pt; text-align:left;\">Salutacions,<\/div><div style=\"color:rgb(0,0,0); font-family:sans-serif; font-size:12.8px; font-style:normal; font-variant-ligatures:normal; font-variant-caps:normal; font-weight:400; letter-spacing:normal; orphans:2text-indent:0px; text-transform:none; white-space:normal; widows:2; word-spacing:0px; -webkit-text-stroke-width:0px; text-decoration-style:initial; text-decoration-color:initial; text-align:left;\"><div dir=\"ltr\" style=\"font-size:12pt; color:rgb(0,0,0); font-family:calibri,helvetica,sans-serif;\"><p style=\"margin-top: 0px; margin-bottom: 0px;\"><br><b style=\"color: rgb(73, 77, 105); font-family: helvetica, arial, sans-serif; font-size: 12px;\">Amparo Vinaja Sorolla<\/b><\/p><p style=\"margin-top: 0px; margin-bottom: 0px;\"><b style=\"color: rgb(73, 77, 105); font-family: helvetica, arial, sans-serif; font-size: 12px;\">Coordinadora territorial del<\/b><span><b style=\"color: rgb(73, 77, 105); font-family: helvetica, arial, sans-serif; font-size: 12px;\">\u00a0<\/b><\/span><b style=\"color: rgb(73, 77, 105); font-family: helvetica, arial, sans-serif; font-size: 12px;\">Baix Llobregat- L&#8217; Hospitalet<\/b><\/p><\/div><\/div>","protected":false},"excerpt":{"rendered":"<p>Benvolguts\/des, Per si pot ser del vostre inter\u00e8s, informar-vos\u00a0que\u00a0la Direcci\u00f3 General de Comer\u00e7 organitza la jornada de presentaci\u00f3 de l&#8217;Estudi: \u00abEls nous llocs de treball en el comer\u00e7 i les causes de l&#8217;alta rotaci\u00f3\u00bb, que tindr\u00e0 lloc el proper\u00a0dimarts, 21 de gener, de 10h a 11.45h al Movistar Centre\u00a0(Pl. de Catalunya, cantonada Portal de l&#8217;\u00c0ngel).&#8230;<\/p>\n<p class=\"more-link\"><a href=\"https:\/\/www.ube.cat\/web\/2019\/12\/21\/els-nous-llocs-de-treball-en-el-comerc-i-les-cuses-de-lalta-rotacio\/\" class=\"themebutton\">Read More<\/a><\/p>\n","protected":false},"author":1,"featured_media":0,"comment_status":"closed","ping_status":"open","sticky":false,"template":"","format":"standard","meta":{"jetpack_post_was_ever_published":false,"_jetpack_newsletter_access":"","jetpack_publicize_message":"","jetpack_is_tweetstorm":false,"jetpack_publicize_feature_enabled":true,"jetpack_social_post_already_shared":true,"jetpack_social_options":{"image_generator_settings":{"template":"highway","enabled":false}}},"categories":[3,11,1],"tags":[],"jetpack_publicize_connections":[],"jetpack_featured_media_url":"","jetpack_sharing_enabled":true,"jetpack_shortlink":"https:\/\/wp.me\/p9FdUF-VL","_links":{"self":[{"href":"https:\/\/www.ube.cat\/web\/wp-json\/wp\/v2\/posts\/3581"}],"collection":[{"href":"https:\/\/www.ube.cat\/web\/wp-json\/wp\/v2\/posts"}],"about":[{"href":"https:\/\/www.ube.cat\/web\/wp-json\/wp\/v2\/types\/post"}],"author":[{"embeddable":true,"href":"https:\/\/www.ube.cat\/web\/wp-json\/wp\/v2\/users\/1"}],"replies":[{"embeddable":true,"href":"https:\/\/www.ube.cat\/web\/wp-json\/wp\/v2\/comments?post=3581"}],"version-history":[{"count":1,"href":"https:\/\/www.ube.cat\/web\/wp-json\/wp\/v2\/posts\/3581\/revisions"}],"predecessor-version":[{"id":3582,"href":"https:\/\/www.ube.cat\/web\/wp-json\/wp\/v2\/posts\/3581\/revisions\/3582"}],"wp:attachment":[{"href":"https:\/\/www.ube.cat\/web\/wp-json\/wp\/v2\/media?parent=3581"}],"wp:term":[{"taxonomy":"category","embeddable":true,"href":"https:\/\/www.ube.cat\/web\/wp-json\/wp\/v2\/categories?post=3581"},{"taxonomy":"post_tag","embeddable":true,"href":"https:\/\/www.ube.cat\/web\/wp-json\/wp\/v2\/tags?post=3581"}],"curies":[{"name":"wp","href":"https:\/\/api.w.org\/{rel}","templated":true}]}}