{"id":3604,"date":"2020-01-31T10:52:57","date_gmt":"2020-01-31T10:52:57","guid":{"rendered":"http:\/\/www.ube.cat\/web\/?p=3604"},"modified":"2020-01-31T10:53:16","modified_gmt":"2020-01-31T10:53:16","slug":"participem-en-la-trobada-sobre-la-nova-llei-dels-apeus-bids-amb-la-direcio-general-de-comerc-de-la-generalitat-ubesplugued-pimecomerc","status":"publish","type":"post","link":"https:\/\/www.ube.cat\/web\/2020\/01\/31\/participem-en-la-trobada-sobre-la-nova-llei-dels-apeus-bids-amb-la-direcio-general-de-comerc-de-la-generalitat-ubesplugued-pimecomerc\/","title":{"rendered":"Participem en la trobada sobre la nova llei dels APEUS\/BIDs amb la Direci\u00f3 General de Comer\u00e7 de la Generalitat. @UBEsplugued @PimeComerc"},"content":{"rendered":"<p><img decoding=\"async\" loading=\"lazy\" src=\"http:\/\/www.ube.cat\/web\/wp-content\/uploads\/2020\/01\/img_20200131_090834287871656704430657.jpg\" class=\"wp-image-3603 alignnone size-full\" width=\"3000\" height=\"1688\" srcset=\"https:\/\/www.ube.cat\/web\/wp-content\/uploads\/2020\/01\/img_20200131_090834287871656704430657.jpg 3000w, https:\/\/www.ube.cat\/web\/wp-content\/uploads\/2020\/01\/img_20200131_090834287871656704430657-300x169.jpg 300w, https:\/\/www.ube.cat\/web\/wp-content\/uploads\/2020\/01\/img_20200131_090834287871656704430657-768x432.jpg 768w, https:\/\/www.ube.cat\/web\/wp-content\/uploads\/2020\/01\/img_20200131_090834287871656704430657-1024x576.jpg 1024w\" sizes=\"(max-width: 3000px) 100vw, 3000px\" \/>Benvolguts\/des,<br><br>Avui ens hem trobat amb la Direcci\u00f3 General de Comerc de la Generalitat per con\u00e8ixer l&#8217;estat de l&#8217;Avant Projecte de Llei que est\u00e0 a punt d&#8217;entrar al Parlament. <br><br>En la trobada hi hem assistit representants del sector comer\u00e7 i del m\u00f3n empresarial.<br><br>Us facilitem informaci\u00f3 rellevant sobre aquesta nova llei que en sembla interessant cara a afrontar reptes de futur del comer\u00e7.<br><br><img decoding=\"async\" loading=\"lazy\" src=\"http:\/\/www.ube.cat\/web\/wp-content\/uploads\/2020\/01\/img_20200131_1146268932156064556612478.jpg\" class=\"wp-image-3606 alignnone size-full\" width=\"3000\" height=\"1810\" srcset=\"https:\/\/www.ube.cat\/web\/wp-content\/uploads\/2020\/01\/img_20200131_1146268932156064556612478.jpg 3000w, https:\/\/www.ube.cat\/web\/wp-content\/uploads\/2020\/01\/img_20200131_1146268932156064556612478-300x181.jpg 300w, https:\/\/www.ube.cat\/web\/wp-content\/uploads\/2020\/01\/img_20200131_1146268932156064556612478-768x463.jpg 768w, https:\/\/www.ube.cat\/web\/wp-content\/uploads\/2020\/01\/img_20200131_1146268932156064556612478-1024x618.jpg 1024w\" sizes=\"(max-width: 3000px) 100vw, 3000px\" \/><img decoding=\"async\" loading=\"lazy\" src=\"http:\/\/www.ube.cat\/web\/wp-content\/uploads\/2020\/01\/img_20200131_114507611172445332303239.jpg\" class=\"wp-image-3607 alignnone size-full\" width=\"3000\" height=\"1695\" srcset=\"https:\/\/www.ube.cat\/web\/wp-content\/uploads\/2020\/01\/img_20200131_114507611172445332303239.jpg 3000w, https:\/\/www.ube.cat\/web\/wp-content\/uploads\/2020\/01\/img_20200131_114507611172445332303239-300x170.jpg 300w, https:\/\/www.ube.cat\/web\/wp-content\/uploads\/2020\/01\/img_20200131_114507611172445332303239-768x434.jpg 768w, https:\/\/www.ube.cat\/web\/wp-content\/uploads\/2020\/01\/img_20200131_114507611172445332303239-1024x579.jpg 1024w\" sizes=\"(max-width: 3000px) 100vw, 3000px\" \/><img decoding=\"async\" loading=\"lazy\" src=\"http:\/\/www.ube.cat\/web\/wp-content\/uploads\/2020\/01\/img_20200131_1145311359674914521720842.jpg\" class=\"wp-image-3608 alignnone size-full\" width=\"2999\" height=\"1809\" srcset=\"https:\/\/www.ube.cat\/web\/wp-content\/uploads\/2020\/01\/img_20200131_1145311359674914521720842.jpg 2999w, https:\/\/www.ube.cat\/web\/wp-content\/uploads\/2020\/01\/img_20200131_1145311359674914521720842-300x181.jpg 300w, https:\/\/www.ube.cat\/web\/wp-content\/uploads\/2020\/01\/img_20200131_1145311359674914521720842-768x463.jpg 768w, https:\/\/www.ube.cat\/web\/wp-content\/uploads\/2020\/01\/img_20200131_1145311359674914521720842-1024x618.jpg 1024w\" sizes=\"(max-width: 2999px) 100vw, 2999px\" \/><img decoding=\"async\" loading=\"lazy\" src=\"http:\/\/www.ube.cat\/web\/wp-content\/uploads\/2020\/01\/img_20200131_1145581817542732349259928.jpg\" class=\"wp-image-3609 alignnone size-full\" width=\"3000\" height=\"1645\" srcset=\"https:\/\/www.ube.cat\/web\/wp-content\/uploads\/2020\/01\/img_20200131_1145581817542732349259928.jpg 3000w, https:\/\/www.ube.cat\/web\/wp-content\/uploads\/2020\/01\/img_20200131_1145581817542732349259928-300x165.jpg 300w, https:\/\/www.ube.cat\/web\/wp-content\/uploads\/2020\/01\/img_20200131_1145581817542732349259928-768x421.jpg 768w, https:\/\/www.ube.cat\/web\/wp-content\/uploads\/2020\/01\/img_20200131_1145581817542732349259928-1024x561.jpg 1024w\" sizes=\"(max-width: 3000px) 100vw, 3000px\" \/><img decoding=\"async\" loading=\"lazy\" src=\"http:\/\/www.ube.cat\/web\/wp-content\/uploads\/2020\/01\/img_20200131_1144287424451027832274172.jpg\" class=\"wp-image-3605 alignnone size-full\" width=\"2904\" height=\"1852\" srcset=\"https:\/\/www.ube.cat\/web\/wp-content\/uploads\/2020\/01\/img_20200131_1144287424451027832274172.jpg 2904w, https:\/\/www.ube.cat\/web\/wp-content\/uploads\/2020\/01\/img_20200131_1144287424451027832274172-300x191.jpg 300w, https:\/\/www.ube.cat\/web\/wp-content\/uploads\/2020\/01\/img_20200131_1144287424451027832274172-768x490.jpg 768w, https:\/\/www.ube.cat\/web\/wp-content\/uploads\/2020\/01\/img_20200131_1144287424451027832274172-1024x653.jpg 1024w\" sizes=\"(max-width: 2904px) 100vw, 2904px\" \/><\/p>","protected":false},"excerpt":{"rendered":"<p>Benvolguts\/des, Avui ens hem trobat amb la Direcci\u00f3 General de Comerc de la Generalitat per con\u00e8ixer l&#8217;estat de l&#8217;Avant Projecte de Llei que est\u00e0 a punt d&#8217;entrar al Parlament. En la trobada hi hem assistit representants del sector comer\u00e7 i del m\u00f3n empresarial. Us facilitem informaci\u00f3 rellevant sobre aquesta nova llei que en sembla interessant&#8230;<\/p>\n<p class=\"more-link\"><a href=\"https:\/\/www.ube.cat\/web\/2020\/01\/31\/participem-en-la-trobada-sobre-la-nova-llei-dels-apeus-bids-amb-la-direcio-general-de-comerc-de-la-generalitat-ubesplugued-pimecomerc\/\" class=\"themebutton\">Read More<\/a><\/p>\n","protected":false},"author":1,"featured_media":0,"comment_status":"closed","ping_status":"closed","sticky":false,"template":"","format":"standard","meta":{"jetpack_post_was_ever_published":false,"_jetpack_newsletter_access":"","jetpack_publicize_message":"","jetpack_is_tweetstorm":false,"jetpack_publicize_feature_enabled":true,"jetpack_social_post_already_shared":true,"jetpack_social_options":{"image_generator_settings":{"template":"highway","enabled":false}}},"categories":[2,13,1],"tags":[],"jetpack_publicize_connections":[],"jetpack_featured_media_url":"","jetpack_sharing_enabled":true,"jetpack_shortlink":"https:\/\/wp.me\/p9FdUF-W8","_links":{"self":[{"href":"https:\/\/www.ube.cat\/web\/wp-json\/wp\/v2\/posts\/3604"}],"collection":[{"href":"https:\/\/www.ube.cat\/web\/wp-json\/wp\/v2\/posts"}],"about":[{"href":"https:\/\/www.ube.cat\/web\/wp-json\/wp\/v2\/types\/post"}],"author":[{"embeddable":true,"href":"https:\/\/www.ube.cat\/web\/wp-json\/wp\/v2\/users\/1"}],"replies":[{"embeddable":true,"href":"https:\/\/www.ube.cat\/web\/wp-json\/wp\/v2\/comments?post=3604"}],"version-history":[{"count":2,"href":"https:\/\/www.ube.cat\/web\/wp-json\/wp\/v2\/posts\/3604\/revisions"}],"predecessor-version":[{"id":3611,"href":"https:\/\/www.ube.cat\/web\/wp-json\/wp\/v2\/posts\/3604\/revisions\/3611"}],"wp:attachment":[{"href":"https:\/\/www.ube.cat\/web\/wp-json\/wp\/v2\/media?parent=3604"}],"wp:term":[{"taxonomy":"category","embeddable":true,"href":"https:\/\/www.ube.cat\/web\/wp-json\/wp\/v2\/categories?post=3604"},{"taxonomy":"post_tag","embeddable":true,"href":"https:\/\/www.ube.cat\/web\/wp-json\/wp\/v2\/tags?post=3604"}],"curies":[{"name":"wp","href":"https:\/\/api.w.org\/{rel}","templated":true}]}}