{"id":3679,"date":"2020-03-20T17:09:57","date_gmt":"2020-03-20T17:09:57","guid":{"rendered":"http:\/\/www.ube.cat\/web\/2020\/03\/20\/informe-de-situacio-8-els-autonoms-obligats-a-tancar-per-lestat-dalarma-ja-poden-cobrar-la-prestacio-ultimes-informacions-sobre-la-crisi-del-covid-19\/"},"modified":"2020-03-20T17:09:57","modified_gmt":"2020-03-20T17:09:57","slug":"informe-de-situacio-8-els-autonoms-obligats-a-tancar-per-lestat-dalarma-ja-poden-cobrar-la-prestacio-ultimes-informacions-sobre-la-crisi-del-covid-19","status":"publish","type":"post","link":"https:\/\/www.ube.cat\/web\/2020\/03\/20\/informe-de-situacio-8-els-autonoms-obligats-a-tancar-per-lestat-dalarma-ja-poden-cobrar-la-prestacio-ultimes-informacions-sobre-la-crisi-del-covid-19\/","title":{"rendered":"Informe de situaci\u00f3 #8 \u2013 Els aut\u00f2noms obligats a tancar per l&#8217;estat d&#8217;alarma ja poden cobrar la prestaci\u00f3. \u00daltimes informacions sobre la crisi del Covid-19"},"content":{"rendered":"\n<p>?PIMEC &#8211; Informe de situaci\u00f3 #8: Els aut\u00f2noms obligats a tancar per l\u2019estat d\u2019alarma ja poden cobrar la prestaci\u00f3. \u00daltimes informacions sobre la crisi del Covid-19<\/p>\n\n\n\n<p>\u27a1\ufe0f El govern espanyol ordena el tancament dels establiments d\u2019allotjament tur\u00edstic. https:\/\/bit.ly\/3bbFnKg<\/p>\n\n\n\n<p>\u27a1 Aclariments respecte als criteris de la l\u00ednia d\u2019avals de l\u2019ICF i Avalis. https:\/\/bit.ly\/2vAPOb1<\/p>\n\n\n\n<p>\u27a1\ufe0f Quins aut\u00f2noms afectats pel Covid-19 tenen dret a la prestaci\u00f3 extraordin\u00e0ria? https:\/\/bit.ly\/33wmVcK<\/p>\n\n\n\n<p>\u27a1 Mesures de protecci\u00f3 per desocupaci\u00f3 per a treballadors fixos discontinus o amb treballs fixos peri\u00f2dics. https:\/\/bit.ly\/2Wxun5Q<\/p>\n\n\n\n<p>\u2753Preguntes freq\u00fcents dels aut\u00f2noms. https:\/\/bit.ly\/3b5yHgK<\/p>\n\n\n\n<p>? Fonts fiables per informar-te sobre el Covid-19. https:\/\/bit.ly\/2x8Rnxw<br \/>\u2714\ufe0fConsells per a informar-nos correctament. https:\/\/bit.ly\/3b7uXLA<\/p>\n\n\n\n<p>\u27a1\ufe0f Mesures en mat\u00e8ria de fiscalitat i de contractaci\u00f3 p\u00fablica de la Generalitat de Catalunya. https:\/\/bit.ly\/2WwFhJe<\/p>\n\n\n\n<p>? Nou canal d\u2019informaci\u00f3 de PIMEC a Telegram: @pimecinforma. http:\/\/bit.ly\/2Wp0lkJ<\/p>\n\n\n\n<p>\u2757Informaci\u00f3, recursos i protocol de prevenci\u00f3 davant el coronavirus. http:\/\/bit.ly\/2xOXF5P<\/p>\n","protected":false},"excerpt":{"rendered":"<p>?PIMEC &#8211; Informe de situaci\u00f3 #8: Els aut\u00f2noms obligats a tancar per l\u2019estat d\u2019alarma ja poden cobrar la prestaci\u00f3. \u00daltimes informacions sobre la crisi del Covid-19 \u27a1\ufe0f El govern espanyol ordena el tancament dels establiments d\u2019allotjament tur\u00edstic. https:\/\/bit.ly\/3bbFnKg \u27a1 Aclariments respecte als criteris de la l\u00ednia d\u2019avals de l\u2019ICF i Avalis. https:\/\/bit.ly\/2vAPOb1 \u27a1\ufe0f Quins aut\u00f2noms&#8230;<\/p>\n<p class=\"more-link\"><a href=\"https:\/\/www.ube.cat\/web\/2020\/03\/20\/informe-de-situacio-8-els-autonoms-obligats-a-tancar-per-lestat-dalarma-ja-poden-cobrar-la-prestacio-ultimes-informacions-sobre-la-crisi-del-covid-19\/\" class=\"themebutton\">Read More<\/a><\/p>\n","protected":false},"author":1,"featured_media":0,"comment_status":"closed","ping_status":"open","sticky":false,"template":"","format":"standard","meta":{"jetpack_post_was_ever_published":false,"_jetpack_newsletter_access":"","jetpack_publicize_message":"","jetpack_is_tweetstorm":false,"jetpack_publicize_feature_enabled":true,"jetpack_social_post_already_shared":true,"jetpack_social_options":{"image_generator_settings":{"template":"highway","enabled":false}}},"categories":[1],"tags":[],"jetpack_publicize_connections":[],"jetpack_featured_media_url":"","jetpack_sharing_enabled":true,"jetpack_shortlink":"https:\/\/wp.me\/p9FdUF-Xl","_links":{"self":[{"href":"https:\/\/www.ube.cat\/web\/wp-json\/wp\/v2\/posts\/3679"}],"collection":[{"href":"https:\/\/www.ube.cat\/web\/wp-json\/wp\/v2\/posts"}],"about":[{"href":"https:\/\/www.ube.cat\/web\/wp-json\/wp\/v2\/types\/post"}],"author":[{"embeddable":true,"href":"https:\/\/www.ube.cat\/web\/wp-json\/wp\/v2\/users\/1"}],"replies":[{"embeddable":true,"href":"https:\/\/www.ube.cat\/web\/wp-json\/wp\/v2\/comments?post=3679"}],"version-history":[{"count":0,"href":"https:\/\/www.ube.cat\/web\/wp-json\/wp\/v2\/posts\/3679\/revisions"}],"wp:attachment":[{"href":"https:\/\/www.ube.cat\/web\/wp-json\/wp\/v2\/media?parent=3679"}],"wp:term":[{"taxonomy":"category","embeddable":true,"href":"https:\/\/www.ube.cat\/web\/wp-json\/wp\/v2\/categories?post=3679"},{"taxonomy":"post_tag","embeddable":true,"href":"https:\/\/www.ube.cat\/web\/wp-json\/wp\/v2\/tags?post=3679"}],"curies":[{"name":"wp","href":"https:\/\/api.w.org\/{rel}","templated":true}]}}