{"id":4092,"date":"2021-03-09T17:10:37","date_gmt":"2021-03-09T17:10:37","guid":{"rendered":"http:\/\/www.ube.cat\/web\/?p=4092"},"modified":"2021-03-09T17:12:18","modified_gmt":"2021-03-09T17:12:18","slug":"dissabte-accio-de-protesta-reobrim-el-comerc","status":"publish","type":"post","link":"https:\/\/www.ube.cat\/web\/2021\/03\/09\/dissabte-accio-de-protesta-reobrim-el-comerc\/","title":{"rendered":"DISSABTE ACCI\u00d3 DE PROTESTA: REOBRIM EL COMER\u00c7"},"content":{"rendered":"\n<figure class=\"wp-block-image size-large\"><img decoding=\"async\" loading=\"lazy\" width=\"448\" height=\"637\" src=\"http:\/\/www.ube.cat\/web\/wp-content\/uploads\/2021\/03\/CARTELL-REOBRIMCOMERC.png\" alt=\"\" class=\"wp-image-4093\" srcset=\"https:\/\/www.ube.cat\/web\/wp-content\/uploads\/2021\/03\/CARTELL-REOBRIMCOMERC.png 448w, https:\/\/www.ube.cat\/web\/wp-content\/uploads\/2021\/03\/CARTELL-REOBRIMCOMERC-211x300.png 211w, https:\/\/www.ube.cat\/web\/wp-content\/uploads\/2021\/03\/CARTELL-REOBRIMCOMERC-150x213.png 150w, https:\/\/www.ube.cat\/web\/wp-content\/uploads\/2021\/03\/CARTELL-REOBRIMCOMERC-352x500.png 352w\" sizes=\"(max-width: 448px) 100vw, 448px\" \/><\/figure>\n\n\n\n<h2 class=\"wp-block-heading\">La UBE i Pimec Comer\u00e7 estem coordinant una acci\u00f3 de protesta a nivell de tota Catalunya, per les restriccions indefinides que el comer\u00e7 de proximitat estem patint.<\/h2>\n\n\n\n<p>La protesta es dur\u00e0 a terme aquest dissabte, i consistir\u00e0 en obrir les botigues, amb un precinte que impedeixi l&#8217;entrada de clients. (Podeu triar les hores que hi destineu, recomanem d&#8217;11 a 13:30 hores)<\/p>\n\n\n\n<p>Us fem arribar un cartell i el manifest on s&#8217;informa que el comer\u00e7 s&#8217;est\u00e0 reivindicant, recordeu que no podem realitzar vendes des de l&#8217;establiment durant el cap de setmana. (S\u00ed es permet la venda on-line, la protesta es a peu de botiga).<\/p>\n\n\n\n<p>Quedi clar, no convidem a saltar-se la llei, ni realitzar vendres fora del marc legal.<\/p>\n\n\n\n<p>Paral.lelament, estem treballant en la difussi\u00f3 i en l&#8217;impacte medi\u00e0tic que una acci\u00f3 gran com aquesta requereix, en tot l&#8217;\u00e0mbit catal\u00e0.<\/p>\n\n\n\n<p>Us fem arribar la carta amb el manifest i el cartell que podeu penjar a la porta del vostre establiment.<\/p>\n\n\n\n<p>Ara estem treballant perfilant els detalls. Esperem que ens hi sumem tots i totes.<\/p>\n\n\n\n<p>Tindreu&nbsp;disponible&nbsp;la&nbsp;informaci\u00f3&nbsp;a&nbsp;Ube.cat<\/p>\n\n\n\n<p>Quedo&nbsp;a&nbsp;la&nbsp;vostra&nbsp;disposici\u00f3,<\/p>\n\n\n\n<p><strong>Iban&nbsp;Salvador<\/strong><br>President de la Uni\u00f3 de Botiguers i Comerciants d&#8217;Esplugues<br>President de Pimec Comer\u00e7 Baix Llobregat-L&#8217;Hospitalet<br>president@ube.cat<br>Tel\u00e8fon: 616474208<\/p>\n\n\n\n<div style=\"height:100px\" aria-hidden=\"true\" class=\"wp-block-spacer\"><\/div>\n\n\n\n<h3 class=\"wp-block-heading\">RESUM:<\/h3>\n\n\n\n<p>Es proposa dur a terme aquest dissabte un acte reivindicatiu per part del comer\u00e7, obrint els seus establiments durant tot el dia (sense permetre l&#8217;entrada al p\u00fablic) per\u00f2 s\u00ed permetent la recollida de producte amb compra feta pr\u00e8viament per mitjans telem\u00e0tics; tal i com estableix l&#8217;article 9.5 de la Resoluci\u00f3 SLT\/612\/2021.<\/p>\n","protected":false},"excerpt":{"rendered":"<p>La UBE i Pimec Comer\u00e7 estem coordinant una acci\u00f3 de protesta a nivell de tota Catalunya, per les restriccions indefinides que el comer\u00e7 de proximitat estem patint.<\/p>\n","protected":false},"author":1,"featured_media":4093,"comment_status":"closed","ping_status":"open","sticky":false,"template":"","format":"standard","meta":{"jetpack_post_was_ever_published":false,"_jetpack_newsletter_access":"","jetpack_publicize_message":"","jetpack_is_tweetstorm":false,"jetpack_publicize_feature_enabled":true,"jetpack_social_post_already_shared":true,"jetpack_social_options":{"image_generator_settings":{"template":"highway","enabled":false}}},"categories":[17],"tags":[],"jetpack_publicize_connections":[],"jetpack_featured_media_url":"https:\/\/www.ube.cat\/web\/wp-content\/uploads\/2021\/03\/CARTELL-REOBRIMCOMERC.png","jetpack_sharing_enabled":true,"jetpack_shortlink":"https:\/\/wp.me\/p9FdUF-140","_links":{"self":[{"href":"https:\/\/www.ube.cat\/web\/wp-json\/wp\/v2\/posts\/4092"}],"collection":[{"href":"https:\/\/www.ube.cat\/web\/wp-json\/wp\/v2\/posts"}],"about":[{"href":"https:\/\/www.ube.cat\/web\/wp-json\/wp\/v2\/types\/post"}],"author":[{"embeddable":true,"href":"https:\/\/www.ube.cat\/web\/wp-json\/wp\/v2\/users\/1"}],"replies":[{"embeddable":true,"href":"https:\/\/www.ube.cat\/web\/wp-json\/wp\/v2\/comments?post=4092"}],"version-history":[{"count":2,"href":"https:\/\/www.ube.cat\/web\/wp-json\/wp\/v2\/posts\/4092\/revisions"}],"predecessor-version":[{"id":4095,"href":"https:\/\/www.ube.cat\/web\/wp-json\/wp\/v2\/posts\/4092\/revisions\/4095"}],"wp:featuredmedia":[{"embeddable":true,"href":"https:\/\/www.ube.cat\/web\/wp-json\/wp\/v2\/media\/4093"}],"wp:attachment":[{"href":"https:\/\/www.ube.cat\/web\/wp-json\/wp\/v2\/media?parent=4092"}],"wp:term":[{"taxonomy":"category","embeddable":true,"href":"https:\/\/www.ube.cat\/web\/wp-json\/wp\/v2\/categories?post=4092"},{"taxonomy":"post_tag","embeddable":true,"href":"https:\/\/www.ube.cat\/web\/wp-json\/wp\/v2\/tags?post=4092"}],"curies":[{"name":"wp","href":"https:\/\/api.w.org\/{rel}","templated":true}]}}