{"id":4101,"date":"2021-04-26T11:44:52","date_gmt":"2021-04-26T11:44:52","guid":{"rendered":"https:\/\/www.ube.cat\/web\/?p=4101"},"modified":"2021-04-26T15:30:12","modified_gmt":"2021-04-26T15:30:12","slug":"een-marxa-la-5a-edicio-del-programa-comerc-21per-re-activar-impulsar-i-millorar-el-comerc-de-proximitats7700810045700001103918","status":"publish","type":"post","link":"https:\/\/www.ube.cat\/web\/2021\/04\/26\/een-marxa-la-5a-edicio-del-programa-comerc-21per-re-activar-impulsar-i-millorar-el-comerc-de-proximitats7700810045700001103918\/","title":{"rendered":"En marxa la 5a edici\u00f3 del programa Comer\u00e7 21<br>per re-activar, impulsar i millorar el comer\u00e7 de proximitat"},"content":{"rendered":"\n<h2 class=\"wp-block-heading\">Avui s\u2019ha donat el tret de sortida a la 5a edici\u00f3 del programa Comer\u00e7 21 de suport a pimes comercials i de serveis, que impulsa la Diputaci\u00f3 de Barcelona i PIMEComer\u00e7, amb l\u2019objectiu de millorar el comer\u00e7 de la prov\u00edncia de Barcelona<\/h2>\n\n\n\n<p>Tamb\u00e9 s\u2019ha fet una pon\u00e8ncia sota el nom&nbsp;<strong>\u201cCom adaptar el proc\u00e9s comercial a la Nova Normalitat\u201d, a c\u00e0rrec de Daniel Gil<\/strong>, desenvolupador de negoci i&nbsp;<em>project manager<\/em>&nbsp;dins l\u2019\u00e0mbit de les&nbsp;<em>smart cities<\/em>.&nbsp;<\/p>\n\n\n\n<p>Aquest projecte t\u00e9 per objectiu&nbsp;<strong>definir i implementar noves estrat\u00e8gies per tal de donar l\u2019impuls que necessita cada negoci de forma individual<\/strong>. Aix\u00ed, es d\u00f3na suport, segons les necessitats de cada cas, per&nbsp;<strong>millorar \u00e0rees fonamentals dels comer\u00e7os i serveis&nbsp;<\/strong>com ara, redefinir el model de negoci, comercialitzaci\u00f3 i m\u00e0rqueting, digitalitzaci\u00f3, equip hum\u00e0, professionalitzaci\u00f3 i gesti\u00f3, entre d\u2019altres.<\/p>\n\n\n\n<p>El projecte est\u00e0 dirigit a un m\u00e0xim de cinquanta empreses, preferentment a microempreses comercials i\/o de serveis, localitzades en trama urbana dels municipis de la prov\u00edncia de Barcelona i amb capacitat i voluntat de millora i creixement del negoci.<\/p>\n\n\n\n<p><a rel=\"noreferrer noopener\" href=\"https:\/\/www.email-index.com\/click.php?L=F9WrgO6FYxDooaz8892dB8qg&amp;J=UYq4BE5BbGSG6cmILIRcyVVUpKfmvnOL5dEJ5oQjUl4&amp;C=ZOJW4Hd74ZoNb8spEHo6Kw&amp;F=HKFRcCbcnmxmc4f43DJP5g\" target=\"_blank\">M\u00e9s informaci\u00f3<\/a><\/p>\n\n\n\n<p><\/p>\n","protected":false},"excerpt":{"rendered":"<p>Avui s\u2019ha donat el tret de sortida a la 5a edici\u00f3 del programa Comer\u00e7 21 de suport a pimes comercials i de serveis, que impulsa la Diputaci\u00f3 de Barcelona i PIMEComer\u00e7, amb l\u2019objectiu de millorar el comer\u00e7 de la prov\u00edncia de Barcelona Tamb\u00e9 s\u2019ha fet una pon\u00e8ncia sota el nom&nbsp;\u201cCom adaptar el proc\u00e9s comercial a&#8230;<\/p>\n<p class=\"more-link\"><a href=\"https:\/\/www.ube.cat\/web\/2021\/04\/26\/een-marxa-la-5a-edicio-del-programa-comerc-21per-re-activar-impulsar-i-millorar-el-comerc-de-proximitats7700810045700001103918\/\" class=\"themebutton\">Read More<\/a><\/p>\n","protected":false},"author":1,"featured_media":0,"comment_status":"closed","ping_status":"open","sticky":false,"template":"","format":"standard","meta":{"jetpack_post_was_ever_published":false,"_jetpack_newsletter_access":"","jetpack_publicize_message":"","jetpack_is_tweetstorm":false,"jetpack_publicize_feature_enabled":true,"jetpack_social_post_already_shared":true,"jetpack_social_options":{"image_generator_settings":{"template":"highway","enabled":false}}},"categories":[1],"tags":[],"jetpack_publicize_connections":[],"jetpack_featured_media_url":"","jetpack_sharing_enabled":true,"jetpack_shortlink":"https:\/\/wp.me\/p9FdUF-149","_links":{"self":[{"href":"https:\/\/www.ube.cat\/web\/wp-json\/wp\/v2\/posts\/4101"}],"collection":[{"href":"https:\/\/www.ube.cat\/web\/wp-json\/wp\/v2\/posts"}],"about":[{"href":"https:\/\/www.ube.cat\/web\/wp-json\/wp\/v2\/types\/post"}],"author":[{"embeddable":true,"href":"https:\/\/www.ube.cat\/web\/wp-json\/wp\/v2\/users\/1"}],"replies":[{"embeddable":true,"href":"https:\/\/www.ube.cat\/web\/wp-json\/wp\/v2\/comments?post=4101"}],"version-history":[{"count":2,"href":"https:\/\/www.ube.cat\/web\/wp-json\/wp\/v2\/posts\/4101\/revisions"}],"predecessor-version":[{"id":4103,"href":"https:\/\/www.ube.cat\/web\/wp-json\/wp\/v2\/posts\/4101\/revisions\/4103"}],"wp:attachment":[{"href":"https:\/\/www.ube.cat\/web\/wp-json\/wp\/v2\/media?parent=4101"}],"wp:term":[{"taxonomy":"category","embeddable":true,"href":"https:\/\/www.ube.cat\/web\/wp-json\/wp\/v2\/categories?post=4101"},{"taxonomy":"post_tag","embeddable":true,"href":"https:\/\/www.ube.cat\/web\/wp-json\/wp\/v2\/tags?post=4101"}],"curies":[{"name":"wp","href":"https:\/\/api.w.org\/{rel}","templated":true}]}}