{"id":4109,"date":"2021-08-04T06:34:51","date_gmt":"2021-08-04T06:34:51","guid":{"rendered":"https:\/\/www.ube.cat\/web\/2021\/08\/04\/ajuts-de-suport-a-la-solvencia-empresarial-en-resposta-a-la-covid-19\/"},"modified":"2021-08-04T06:34:51","modified_gmt":"2021-08-04T06:34:51","slug":"ajuts-de-suport-a-la-solvencia-empresarial-en-resposta-a-la-covid-19","status":"publish","type":"post","link":"https:\/\/www.ube.cat\/web\/2021\/08\/04\/ajuts-de-suport-a-la-solvencia-empresarial-en-resposta-a-la-covid-19\/","title":{"rendered":"Ajuts de suport a la solv\u00e8ncia empresarial en resposta a la COVID-19"},"content":{"rendered":"\n<p><\/p>\n\n\n\n<p>Benvolguts i benvolgudes,<br><br>El Govern amplia els ajuts directes a la solv\u00e8ncia empresarial\u00a0<strong>a \u00a0tots els sectors d\u2019activitat<\/strong>\u00a0(qualsevol CNAE excepte els sectors d\u2019activitats financeres i d\u2019assegurances o d\u2019activitat d\u2019organitzacions i organismes extraterritorials). \u00a0Ahir es va publicar\u00a0l\u2019<a href=\"https:\/\/track.ccam.cat\/click.php?L=BW27634InnvwBibHiJ5nuGOg&#038;J=WOX0UYZHiM763iBgpvi8s892BA&#038;C=8OASY0sy8925SIzk40rvioDQ&#038;F=HKFRcCbcnmxmc4f43DJP5g\">Ordre que regula Ajuts de suport a la solv\u00e8ncia empresarial en resposta a la COVID-19<\/a>.\u00a0\u00a0<br><br>Aquests \u00a0ajuts, igual com els de l\u2019anterior Ordre d\u2019Inscripci\u00f3 Pr\u00e8via (ECO\/127\/2021) \u00a0estan<strong>\u00a0destinats a reduir l\u2019endeutament<\/strong>\u00a0de les persones treballadores aut\u00f2nomes (empresaris i professionals) i les empreses no financeres m\u00e9s afectades per la pand\u00e8mia de la COVID-19 i s\u2019han de fer servir per al pagament de deutes contrets per les empreses des de mar\u00e7 de 2020.<\/p>\n\n\n\n<p>El&nbsp;<strong>formulari d&#8217;inscripci\u00f3 pr\u00e8via<\/strong>&nbsp;es pot presentar des de les 9.00 hores del&nbsp; 21 de juliol de 2021<strong>&nbsp;fins al divendres dia 30 de juliol de 2021 a les 15.00 hores<\/strong>. L&#8217;ordre d&#8217;entrada de les inscripcions no es tindr\u00e0 en compte per a l&#8217;atorgament dels ajuts.<br \/><br \/>M\u00e9s informaci\u00f3 a&nbsp;<a href=\"https:\/\/track.ccam.cat\/click.php?L=eZjz6nf2RkdmzVAfY4qBXQ&amp;J=WOX0UYZHiM763iBgpvi8s892BA&amp;C=8OASY0sy8925SIzk40rvioDQ&amp;F=HKFRcCbcnmxmc4f43DJP5g\">Canal Empresa<\/a><\/p>\n","protected":false},"excerpt":{"rendered":"<p>El Govern amplia els ajuts directes a la solv\u00e8ncia empresarial\u00a0a \u00a0tots els sectors d\u2019activitat\u00a0(qualsevol CNAE excepte els sectors d\u2019activitats financeres i d\u2019assegurances o d\u2019activitat d\u2019organitzacions i organismes extraterritorials).<\/p>\n","protected":false},"author":1,"featured_media":4108,"comment_status":"closed","ping_status":"open","sticky":false,"template":"","format":"standard","meta":{"jetpack_post_was_ever_published":false,"_jetpack_newsletter_access":"","jetpack_publicize_message":"","jetpack_is_tweetstorm":false,"jetpack_publicize_feature_enabled":true,"jetpack_social_post_already_shared":true,"jetpack_social_options":{"image_generator_settings":{"template":"highway","enabled":false}}},"categories":[3],"tags":[],"jetpack_publicize_connections":[],"jetpack_featured_media_url":"https:\/\/www.ube.cat\/web\/wp-content\/uploads\/2021\/08\/IMG_20210804_083348.jpg","jetpack_sharing_enabled":true,"jetpack_shortlink":"https:\/\/wp.me\/p9FdUF-14h","_links":{"self":[{"href":"https:\/\/www.ube.cat\/web\/wp-json\/wp\/v2\/posts\/4109"}],"collection":[{"href":"https:\/\/www.ube.cat\/web\/wp-json\/wp\/v2\/posts"}],"about":[{"href":"https:\/\/www.ube.cat\/web\/wp-json\/wp\/v2\/types\/post"}],"author":[{"embeddable":true,"href":"https:\/\/www.ube.cat\/web\/wp-json\/wp\/v2\/users\/1"}],"replies":[{"embeddable":true,"href":"https:\/\/www.ube.cat\/web\/wp-json\/wp\/v2\/comments?post=4109"}],"version-history":[{"count":0,"href":"https:\/\/www.ube.cat\/web\/wp-json\/wp\/v2\/posts\/4109\/revisions"}],"wp:featuredmedia":[{"embeddable":true,"href":"https:\/\/www.ube.cat\/web\/wp-json\/wp\/v2\/media\/4108"}],"wp:attachment":[{"href":"https:\/\/www.ube.cat\/web\/wp-json\/wp\/v2\/media?parent=4109"}],"wp:term":[{"taxonomy":"category","embeddable":true,"href":"https:\/\/www.ube.cat\/web\/wp-json\/wp\/v2\/categories?post=4109"},{"taxonomy":"post_tag","embeddable":true,"href":"https:\/\/www.ube.cat\/web\/wp-json\/wp\/v2\/tags?post=4109"}],"curies":[{"name":"wp","href":"https:\/\/api.w.org\/{rel}","templated":true}]}}