{"id":4243,"date":"2022-10-20T06:54:09","date_gmt":"2022-10-20T06:54:09","guid":{"rendered":"https:\/\/www.ube.cat\/web\/?p=4243"},"modified":"2022-10-20T07:14:39","modified_gmt":"2022-10-20T07:14:39","slug":"constatem-que-els-problemes-de-liquiditat-provocaran-el-tancament-destabliments","status":"publish","type":"post","link":"https:\/\/www.ube.cat\/web\/2022\/10\/20\/constatem-que-els-problemes-de-liquiditat-provocaran-el-tancament-destabliments\/","title":{"rendered":"\u00abConstatem que els problemes de liquiditat provocaran el tancament d\u2019establiments\u00bb"},"content":{"rendered":"<div class=\"wp-block-image\">\n<figure class=\"aligncenter size-full\"><img decoding=\"async\" loading=\"lazy\" width=\"721\" height=\"400\" src=\"https:\/\/www.ube.cat\/web\/wp-content\/uploads\/2022\/10\/iban-salvador-1.jpg\" alt=\"\" class=\"wp-image-4261\" srcset=\"https:\/\/www.ube.cat\/web\/wp-content\/uploads\/2022\/10\/iban-salvador-1.jpg 721w, https:\/\/www.ube.cat\/web\/wp-content\/uploads\/2022\/10\/iban-salvador-1-300x166.jpg 300w\" sizes=\"(max-width: 721px) 100vw, 721px\" \/><\/figure><\/div>\n\n\n<h2 class=\"wp-block-heading\"><strong>La UBE i PIMEComer\u00e7 constatem que els problemes de liquiditat provocaran el tancament d\u2019establiments<\/strong>. Necessitem ajuda.<\/h2>\n\n\n\n<p><em>La consulta realitzada per la sectorial als comerciants posa de manifest un 54,78% dels enquestats apujar\u00e0 els preus dels seus productes o serveis a conseq\u00fc\u00e8ncia de l\u2019increment de la despesa energ\u00e8tica<\/em>.<\/p>\n\n\n\n<p><em>En els pr\u00f2xims sis mesos, un 47,45% considera que la situaci\u00f3 econ\u00f2mica del seu negoci seguir\u00e0 igual que ara, en canvi, un 37,90% creu que empitjorar<\/em>\u00e0.<\/p>\n\n\n\n<p>La consulta que ha fet PIMEComer\u00e7 als seus socis, associacions i gremis, per valorar la campanya d\u2019estiu d\u2019enguany constata que un 27,07% est\u00e0 tenint problemes de liquiditat derivats de la situaci\u00f3 econ\u00f2mica actual, un 44,59% no els t\u00e9 ara, per\u00f2 preveu que els podr\u00e0 tenir i,&nbsp; per contra, un 28,34% nega tenir-ne. Els&nbsp;<strong>problemes de liquiditat d\u2019aquest 27,07% dels comerciants<\/strong>, concretament,&nbsp;<strong>poden implicar que<\/strong>&nbsp;<strong>un 28,13% tanquin l\u2019establiment<\/strong>; un 38,28% reestructurin la plantilla; un 19,53% no puguin pagar als prove\u00efdors, i un 14,06% no puguin pagar els deutes.&nbsp;<br>&nbsp;<br>Els comerciants ja estan patint l\u2019augment de la despesa energ\u00e8tica i la sectorial adverteix que, si els preus de l\u2019energia continuen a l\u2019al\u00e7a,&nbsp;<strong>el 4,78% dels establiments hauran de tancar.&nbsp;<\/strong>L\u2019enquesta tamb\u00e9 posa de manifest que la conseq\u00fc\u00e8ncia de l\u2019increment de la despesa energ\u00e8tica el&nbsp;<strong>54,78%&nbsp;<\/strong>dels casos&nbsp;<strong>apujar els preus dels seus productes o serveis<\/strong>, en un&nbsp;<strong>33,12% disminuir altres despeses<\/strong>, i un&nbsp;<strong>7,32% reajustar la plantilla<\/strong>. Respecte al mes d\u2019abril, cal destacar&nbsp;<strong>l\u2019augment de les opcions de reajustar la plantilla&nbsp;<\/strong>(<strong>3,56%)&nbsp;<\/strong>i&nbsp;<strong>el tancament de l\u2019establiment&nbsp;<\/strong>(<strong>2,37%).<\/strong><br>&nbsp;<br>Malgrat els indicadors negatius, el&nbsp;<strong>78,34%<\/strong>&nbsp;dels comerciants consultats han assegurat que en els darrers mesos,&nbsp;<strong>no han hagut de reduir el nombre de treballadors<\/strong>, davant del 21,66% que si que ho han fet. En aquest sentit,&nbsp; president de PIMEComer\u00e7, \u00c0lex Go\u00f1i, ha posat en valor&nbsp;<strong>\u201cel comprom\u00eds de l\u2019empresari que, tot i portar aquest pes sobre l\u2019esquena, la majoria resisteix i&nbsp; no ha hagut, de moment, de reduir llocs de treball\u201d.<\/strong><br>&nbsp;<br>Respecte a la previsi\u00f3 de la situaci\u00f3 del negoci<strong>,<\/strong>&nbsp;l\u2019enquesta constata que en els pr\u00f2xims sis mesos un<strong>&nbsp;47,45% creu que la seva situaci\u00f3 econ\u00f2mica seguir\u00e0 igual que ara&nbsp;<\/strong>mentre que el<strong>&nbsp;37,90% creu que empitjorar\u00e0<\/strong>. Un 8,28% dels comerciants assegura que no pot garantir la continu\u00eftat del seu establiment i un 6,37% creu que millorar\u00e0 i augmentar\u00e0 el volum del seu negoci.<br>&nbsp;<br>Pel que fa a la&nbsp;<strong>instal\u00b7laci\u00f3 de portes autom\u00e0tiques<\/strong>,&nbsp;<strong>un 61,04% de les persones consultades no ha estat a temps de fer-ho abans del 30 de setembre<\/strong>, enfront del 38,96% que si les ha pogut instal\u00b7lar. En aquest sentit, la sectorial ha lamentat \u201cque no s\u2019hagi tingut en compte la proposta de morat\u00f2ria\u201d i ha reiterat la seva \u201cden\u00fancia per la manca d\u2019ajuts\u201d.<br>&nbsp;<br>En tant a les rebaixes d\u2019estiu, les dades extretes de la consulta exposen que un&nbsp;<strong>62,42% dels comerciants no ha fet rebaixes,<\/strong>&nbsp;davant d\u2019un 20,38% de comerciants que si ha fet rebaixes despr\u00e9s de l\u20191 de juliol i un 17,20% que ha fet rebaixes abans de l\u20191 de juliol. D\u2019altra banda, de les persones consultades que paguen un lloguer pel seu establiment (68,15%),&nbsp;<strong>la meitat han patit un augment del preu del lloguer respecte a l\u2019IPC<\/strong>, sent el m\u00e9s habitual entre un 5% i un 10%, i despr\u00e9s de con\u00e8ixer avui el tancament mensual de l\u2019IPC en un 8,9%, la sectorial considera que aquesta dada \u201cagreujar\u00e0 els problemes\u201d.<\/p>\n","protected":false},"excerpt":{"rendered":"<p>La UBE i PIMEComer\u00e7 constatem que els problemes de liquiditat provocaran el tancament d\u2019establiments. Necessitem ajuda.<\/p>\n","protected":false},"author":1,"featured_media":4244,"comment_status":"closed","ping_status":"open","sticky":false,"template":"","format":"standard","meta":{"jetpack_post_was_ever_published":false,"_jetpack_newsletter_access":"","jetpack_publicize_message":"","jetpack_is_tweetstorm":false,"jetpack_publicize_feature_enabled":true,"jetpack_social_post_already_shared":true,"jetpack_social_options":{"image_generator_settings":{"template":"highway","enabled":false}}},"categories":[1],"tags":[],"jetpack_publicize_connections":[],"jetpack_featured_media_url":"https:\/\/www.ube.cat\/web\/wp-content\/uploads\/2022\/10\/iban-salvador.jpg","jetpack_sharing_enabled":true,"jetpack_shortlink":"https:\/\/wp.me\/p9FdUF-16r","_links":{"self":[{"href":"https:\/\/www.ube.cat\/web\/wp-json\/wp\/v2\/posts\/4243"}],"collection":[{"href":"https:\/\/www.ube.cat\/web\/wp-json\/wp\/v2\/posts"}],"about":[{"href":"https:\/\/www.ube.cat\/web\/wp-json\/wp\/v2\/types\/post"}],"author":[{"embeddable":true,"href":"https:\/\/www.ube.cat\/web\/wp-json\/wp\/v2\/users\/1"}],"replies":[{"embeddable":true,"href":"https:\/\/www.ube.cat\/web\/wp-json\/wp\/v2\/comments?post=4243"}],"version-history":[{"count":2,"href":"https:\/\/www.ube.cat\/web\/wp-json\/wp\/v2\/posts\/4243\/revisions"}],"predecessor-version":[{"id":4262,"href":"https:\/\/www.ube.cat\/web\/wp-json\/wp\/v2\/posts\/4243\/revisions\/4262"}],"wp:featuredmedia":[{"embeddable":true,"href":"https:\/\/www.ube.cat\/web\/wp-json\/wp\/v2\/media\/4244"}],"wp:attachment":[{"href":"https:\/\/www.ube.cat\/web\/wp-json\/wp\/v2\/media?parent=4243"}],"wp:term":[{"taxonomy":"category","embeddable":true,"href":"https:\/\/www.ube.cat\/web\/wp-json\/wp\/v2\/categories?post=4243"},{"taxonomy":"post_tag","embeddable":true,"href":"https:\/\/www.ube.cat\/web\/wp-json\/wp\/v2\/tags?post=4243"}],"curies":[{"name":"wp","href":"https:\/\/api.w.org\/{rel}","templated":true}]}}