{"id":4263,"date":"2019-11-06T10:22:00","date_gmt":"2019-11-06T10:22:00","guid":{"rendered":"https:\/\/www.ube.cat\/web\/?p=4263"},"modified":"2022-10-20T07:38:05","modified_gmt":"2022-10-20T07:38:05","slug":"comerc-local-consumeix-lo-diariament","status":"publish","type":"post","link":"https:\/\/www.ube.cat\/web\/2019\/11\/06\/comerc-local-consumeix-lo-diariament\/","title":{"rendered":"Comer\u00e7 local? Consumeix-lo diariament!"},"content":{"rendered":"<div class=\"wp-block-image\">\n<figure class=\"aligncenter size-full\"><img decoding=\"async\" loading=\"lazy\" width=\"508\" height=\"439\" src=\"https:\/\/www.ube.cat\/web\/wp-content\/uploads\/2022\/10\/IMG_1388.jpg\" alt=\"\" class=\"wp-image-4264\" srcset=\"https:\/\/www.ube.cat\/web\/wp-content\/uploads\/2022\/10\/IMG_1388.jpg 508w, https:\/\/www.ube.cat\/web\/wp-content\/uploads\/2022\/10\/IMG_1388-300x259.jpg 300w\" sizes=\"(max-width: 508px) 100vw, 508px\" \/><\/figure><\/div>\n\n\n<p>Veiem els aparadors cada vegada que sortim de casa, si ens falta alguna cosa no costa res baixar i comprar-ho, sabem com es diu el dependent i el propietari ja coneix els nostres gustos. El comer\u00e7 local est\u00e0 a prop, i el tracte o identitat s\u00f3n grans avantatges.<\/p>\n\n\n\n<p>Res com anar a una fruiteria en la qual t\u2019avisen que la setmana que ve arriben les nespres, la teva fruita preferida, o la dependenta de la botiga de cosm\u00e8tics que t\u2019aconsella quina crema va m\u00e9s b\u00e9 pel teu tipus de pell. <\/p>\n\n\n\n<p>Si t\u2019has quedat sense arr\u00f2s baixes al s\u00faper de la cantonada i si s\u2019acosta la declaraci\u00f3 de la renda saps que pots anar al gestor que porta anys ajudant-te en els temes fiscals.<\/p>\n\n\n\n<p>Per tot aix\u00f2 i moltes m\u00e9s raosn, c<strong>onsumeix comer\u00e7 local!<\/strong><\/p>\n","protected":false},"excerpt":{"rendered":"<p>Res com anar a una fruiteria en la qual t\u2019avisen que la setmana que ve arriben les nespres, la teva fruita preferida, o la dependenta de la botiga de cosm\u00e8tics que t\u2019aconsella quina crema va m\u00e9s b\u00e9 pel teu tipus de pell. <\/p>\n","protected":false},"author":1,"featured_media":4264,"comment_status":"closed","ping_status":"open","sticky":false,"template":"","format":"standard","meta":{"jetpack_post_was_ever_published":false,"_jetpack_newsletter_access":"","jetpack_publicize_message":"","jetpack_is_tweetstorm":false,"jetpack_publicize_feature_enabled":true,"jetpack_social_post_already_shared":false,"jetpack_social_options":{"image_generator_settings":{"template":"highway","enabled":false}}},"categories":[159],"tags":[],"jetpack_publicize_connections":[],"jetpack_featured_media_url":"https:\/\/www.ube.cat\/web\/wp-content\/uploads\/2022\/10\/IMG_1388.jpg","jetpack_sharing_enabled":true,"jetpack_shortlink":"https:\/\/wp.me\/p9FdUF-16L","_links":{"self":[{"href":"https:\/\/www.ube.cat\/web\/wp-json\/wp\/v2\/posts\/4263"}],"collection":[{"href":"https:\/\/www.ube.cat\/web\/wp-json\/wp\/v2\/posts"}],"about":[{"href":"https:\/\/www.ube.cat\/web\/wp-json\/wp\/v2\/types\/post"}],"author":[{"embeddable":true,"href":"https:\/\/www.ube.cat\/web\/wp-json\/wp\/v2\/users\/1"}],"replies":[{"embeddable":true,"href":"https:\/\/www.ube.cat\/web\/wp-json\/wp\/v2\/comments?post=4263"}],"version-history":[{"count":1,"href":"https:\/\/www.ube.cat\/web\/wp-json\/wp\/v2\/posts\/4263\/revisions"}],"predecessor-version":[{"id":4265,"href":"https:\/\/www.ube.cat\/web\/wp-json\/wp\/v2\/posts\/4263\/revisions\/4265"}],"wp:featuredmedia":[{"embeddable":true,"href":"https:\/\/www.ube.cat\/web\/wp-json\/wp\/v2\/media\/4264"}],"wp:attachment":[{"href":"https:\/\/www.ube.cat\/web\/wp-json\/wp\/v2\/media?parent=4263"}],"wp:term":[{"taxonomy":"category","embeddable":true,"href":"https:\/\/www.ube.cat\/web\/wp-json\/wp\/v2\/categories?post=4263"},{"taxonomy":"post_tag","embeddable":true,"href":"https:\/\/www.ube.cat\/web\/wp-json\/wp\/v2\/tags?post=4263"}],"curies":[{"name":"wp","href":"https:\/\/api.w.org\/{rel}","templated":true}]}}