{"id":4297,"date":"2022-10-27T07:25:51","date_gmt":"2022-10-27T07:25:51","guid":{"rendered":"https:\/\/www.ube.cat\/web\/2022\/10\/27\/la-ube-i-pimecomerc-ens-adherim-a-la-primera-apagada-de-llum-als-comercos-el-28-doctubre\/"},"modified":"2022-10-27T07:25:51","modified_gmt":"2022-10-27T07:25:51","slug":"la-ube-i-pimecomerc-ens-adherim-a-la-primera-apagada-de-llum-als-comercos-el-28-doctubre","status":"publish","type":"post","link":"https:\/\/www.ube.cat\/web\/2022\/10\/27\/la-ube-i-pimecomerc-ens-adherim-a-la-primera-apagada-de-llum-als-comercos-el-28-doctubre\/","title":{"rendered":"La UBE i PIMEComer\u00e7 ens adherim a la primera apagada de llum als comer\u00e7os el 28 d\u2019octubre"},"content":{"rendered":"\n<figure class=\"wp-block-image size-large\"><img decoding=\"async\" loading=\"lazy\" width=\"820\" height=\"1024\" src=\"https:\/\/www.ube.cat\/web\/wp-content\/uploads\/2022\/10\/IMG-20221027-WA0007-1-820x1024.jpg\" alt=\"\" class=\"wp-image-4296\" srcset=\"https:\/\/www.ube.cat\/web\/wp-content\/uploads\/2022\/10\/IMG-20221027-WA0007-1-820x1024.jpg 820w, https:\/\/www.ube.cat\/web\/wp-content\/uploads\/2022\/10\/IMG-20221027-WA0007-1-240x300.jpg 240w, https:\/\/www.ube.cat\/web\/wp-content\/uploads\/2022\/10\/IMG-20221027-WA0007-1-768x959.jpg 768w, https:\/\/www.ube.cat\/web\/wp-content\/uploads\/2022\/10\/IMG-20221027-WA0007-1-1231x1536.jpg 1231w, https:\/\/www.ube.cat\/web\/wp-content\/uploads\/2022\/10\/IMG-20221027-WA0007-1.jpg 1282w\" sizes=\"(max-width: 820px) 100vw, 820px\" \/><\/figure>\n\n\n\n<p>Ens adherim a la primera apagada de llums als comer\u00e7os que&nbsp;<strong>es dur\u00e0 a terme el divendres 28 d\u2019octubre de 12.00h a 12.15h<\/strong>&nbsp;del migdia. <\/p>\n\n\n\n<p>Davant l\u2019actual crisi energ\u00e8tica en qu\u00e8 es veu immers el comer\u00e7 urb\u00e0, marcada per uns preus de l\u2019energia desbocats i que posen en risc la viabilitat de molts negocis, la sectorial s\u2019ha unit a aquesta iniciativa de la Confederaci\u00f3 Espanyola de Fleca, Pastisseria, Brioixeria i Afins (CEOPPAN<strong>) amb l\u2019objectiu alertar del risc accelerat de desaparici\u00f3 del comer\u00e7 de proximitat i instar a les administracions a prendre mesures immediates, reals i efectives per reduir els costos energ\u00e8tics, i garantir aix\u00ed la viabilitat del comer\u00e7 tradicional i de proximitat<\/strong>. Els gremis m\u00e9s representatius del comer\u00e7 al detall i la restauraci\u00f3 de Catalunya tamb\u00e9 s\u2019han sumat a la iniciativa.<\/p>\n\n\n\n<p>El president de PIMEComer\u00e7, Alex Go\u00f1i ha volgut recuperar el lema de la patronal<strong>&nbsp;\u201cJa n\u2019hi ha prou\u201d<\/strong>&nbsp;per reivindicar&nbsp;<strong>\u201csolucions immediates per al comer\u00e7, ja que no podem continuar amb situacions tan desfavorables com la Covid, la crisi energ\u00e8tica, etc. que per al comer\u00e7 urb\u00e0 estan originant la tempesta perfecta<\/strong>\u201d. La sectorial manifesta que el sector del comer\u00e7&nbsp;<strong>\u201cest\u00e0 fent un gran esfor\u00e7\u201d<\/strong>&nbsp;per mitigar l\u2019impacte negatiu dels increments al consumidor final, incl\u00fas a c\u00e0rrec de la reducci\u00f3 dels pocs marges empresarials dels comer\u00e7os i reclama&nbsp;<strong>\u201csolucions urgents\u201d<\/strong>&nbsp;a les administracions p\u00fabliques.<\/p>\n\n\n\n<p>Tal com va constatar la consulta als socis que va fer PIMEComer\u00e7, els comerciants estan patint l\u2019increment de la despesa energ\u00e8tica i la sectorial adverteix que, si els preus de l\u2019energia continuen a l\u2019al\u00e7a, el 4,78% dels establiments hauran de tancar definitivament amb la conseg\u00fcent reducci\u00f3 del teixit productiu i comercial del pa\u00eds. L\u2019enquesta que es va presentar en roda de premsa tamb\u00e9 posava de manifest que a conseq\u00fc\u00e8ncia de l\u2019increment de la despesa energ\u00e8tica el 54,78% dels establiments haur\u00e0 d\u2019apujar els preus dels seus productes o serveis, un 33,12% disminuir altres despeses, i un 7,32% reajustar la plantilla.<\/p>\n","protected":false},"excerpt":{"rendered":"<p>Ens adherim a la primera apagada de llums als comer\u00e7os que\u00a0es dur\u00e0 a terme el divendres 28 d\u2019octubre de 12.00h a 12.15h\u00a0del migdia.<\/p>\n","protected":false},"author":1,"featured_media":4296,"comment_status":"closed","ping_status":"open","sticky":false,"template":"","format":"standard","meta":{"jetpack_post_was_ever_published":false,"_jetpack_newsletter_access":"","jetpack_publicize_message":"","jetpack_is_tweetstorm":false,"jetpack_publicize_feature_enabled":true,"jetpack_social_post_already_shared":true,"jetpack_social_options":{"image_generator_settings":{"template":"highway","enabled":false}}},"categories":[17],"tags":[],"jetpack_publicize_connections":[],"jetpack_featured_media_url":"https:\/\/www.ube.cat\/web\/wp-content\/uploads\/2022\/10\/IMG-20221027-WA0007-1.jpg","jetpack_sharing_enabled":true,"jetpack_shortlink":"https:\/\/wp.me\/p9FdUF-17j","_links":{"self":[{"href":"https:\/\/www.ube.cat\/web\/wp-json\/wp\/v2\/posts\/4297"}],"collection":[{"href":"https:\/\/www.ube.cat\/web\/wp-json\/wp\/v2\/posts"}],"about":[{"href":"https:\/\/www.ube.cat\/web\/wp-json\/wp\/v2\/types\/post"}],"author":[{"embeddable":true,"href":"https:\/\/www.ube.cat\/web\/wp-json\/wp\/v2\/users\/1"}],"replies":[{"embeddable":true,"href":"https:\/\/www.ube.cat\/web\/wp-json\/wp\/v2\/comments?post=4297"}],"version-history":[{"count":0,"href":"https:\/\/www.ube.cat\/web\/wp-json\/wp\/v2\/posts\/4297\/revisions"}],"wp:featuredmedia":[{"embeddable":true,"href":"https:\/\/www.ube.cat\/web\/wp-json\/wp\/v2\/media\/4296"}],"wp:attachment":[{"href":"https:\/\/www.ube.cat\/web\/wp-json\/wp\/v2\/media?parent=4297"}],"wp:term":[{"taxonomy":"category","embeddable":true,"href":"https:\/\/www.ube.cat\/web\/wp-json\/wp\/v2\/categories?post=4297"},{"taxonomy":"post_tag","embeddable":true,"href":"https:\/\/www.ube.cat\/web\/wp-json\/wp\/v2\/tags?post=4297"}],"curies":[{"name":"wp","href":"https:\/\/api.w.org\/{rel}","templated":true}]}}