{"id":4311,"date":"2022-11-11T07:28:13","date_gmt":"2022-11-11T07:28:13","guid":{"rendered":"https:\/\/www.ube.cat\/web\/2022\/11\/11\/la-ube-us-animem-a-participar-en-la-jornada-consells-de-ciberseguretat-per-al-comerc-jornada-online\/"},"modified":"2022-11-11T07:28:13","modified_gmt":"2022-11-11T07:28:13","slug":"la-ube-us-animem-a-participar-en-la-jornada-consells-de-ciberseguretat-per-al-comerc-jornada-online","status":"publish","type":"post","link":"https:\/\/www.ube.cat\/web\/2022\/11\/11\/la-ube-us-animem-a-participar-en-la-jornada-consells-de-ciberseguretat-per-al-comerc-jornada-online\/","title":{"rendered":"La UBE us animem a participar en la jornada &#8216;Consells de ciberseguretat per al Comer\u00e7&#8217; | Jornada online"},"content":{"rendered":"\n<figure class=\"wp-block-image size-large\"><img decoding=\"async\" loading=\"lazy\" width=\"580\" height=\"326\" src=\"https:\/\/www.ube.cat\/web\/wp-content\/uploads\/2022\/11\/08-23-43-jornadaactualitzaciC3B3ciberseguretat14novembre2022_580.jpg\" alt=\"\" class=\"wp-image-4310\" srcset=\"https:\/\/www.ube.cat\/web\/wp-content\/uploads\/2022\/11\/08-23-43-jornadaactualitzaciC3B3ciberseguretat14novembre2022_580.jpg 580w, https:\/\/www.ube.cat\/web\/wp-content\/uploads\/2022\/11\/08-23-43-jornadaactualitzaciC3B3ciberseguretat14novembre2022_580-300x169.jpg 300w\" sizes=\"(max-width: 580px) 100vw, 580px\" \/><\/figure>\n\n\n\n<p>Benvolguts, benvolgudes,<\/p>\n\n\n\n<p>Des de l&#8217;\u00e0rea de Comer\u00e7 del Consorci de Comer\u00e7, Artesania i Moda de Catalunya hem organitzat la \u00a0<strong>\u201cJornada d\u2019actualitzaci\u00f3 de consells de ciberseguretat per al comer\u00e7\u201d<\/strong>\u00a0dirigida a empreses de comer\u00e7 amb poca experi\u00e8ncia tecnol\u00f2gica en el comer\u00e7 online i en l\u2019\u00fas de les xarxes socials. <\/p>\n\n\n\n<p>La sessi\u00f3 ser\u00e0\u00a0<strong>on-line<\/strong>\u00a0per tal d\u2019adaptar-nos a les noves necessitats sanit\u00e0ries, i\u00a0es realitzar\u00e0 el\u00a0<strong>dilluns 14 de novembre\u00a0d\u201911:00h a 12:00h.<\/strong><\/p>\n\n\n\n<p>En\u00a0 aquesta sessi\u00f3,\u00a0Manel Medina, director del M\u00e0ster de ciberseguretat de la UPC School i coordinador de l\u2019Oficina T\u00e8cnica de Formaci\u00f3 de l\u2019Ag\u00e8ncia de Ciberseguretat de Catalunya i\u00a0Josep de la Casa, formador de formadors del Programa Internet Segura de l\u2019Ag\u00e8ncia de Ciberseguretat de Catalunya, parlaran de la\u00a0<strong>campanya #NegoCibersegur<\/strong>\u00a0i ens actualitzaran amb\u00a0<strong>consells i recursos b\u00e0sics per a mantenir l\u2019entorn digital segur\u00a0<\/strong>dels nostres negocis amb l\u2019objectiu de millorar-ne la competitivitat i adaptaci\u00f3 al nou entorn de consum \u00a0i necessitats dels consumidors. A m\u00e9s ens donaran eines de com assegurar la protecci\u00f3 de dades durant les campanyes de BlackFriday i Nadal 22\/23.<\/p>\n\n\n\n<p>Inscripcions:<\/p>\n\n\n\n<p><a href=\"https:\/\/ccam.gencat.cat\/ca\/arees_actuacio\/comerc\/transformacio_digital\/ciberseguretat\/actualitzacio_consells_ciberseguretat\/\">https:\/\/ccam.gencat.cat\/ca\/arees_actuacio\/comerc\/transformacio_digital\/ciberseguretat\/actualitzacio_consells_ciberseguretat\/<\/a><\/p>\n","protected":false},"excerpt":{"rendered":"<p>La sessi\u00f3 ser\u00e0\u00a0on-line\u00a0per tal d\u2019adaptar-nos a les noves necessitats sanit\u00e0ries, i\u00a0es realitzar\u00e0 el\u00a0dilluns 14 de novembre\u00a0d\u201911:00h a 12:00h.<\/p>\n","protected":false},"author":1,"featured_media":4310,"comment_status":"closed","ping_status":"open","sticky":false,"template":"","format":"standard","meta":{"jetpack_post_was_ever_published":false,"_jetpack_newsletter_access":"","jetpack_publicize_message":"","jetpack_is_tweetstorm":false,"jetpack_publicize_feature_enabled":true,"jetpack_social_post_already_shared":true,"jetpack_social_options":{"image_generator_settings":{"template":"highway","enabled":false}}},"categories":[11],"tags":[],"jetpack_publicize_connections":[],"jetpack_featured_media_url":"https:\/\/www.ube.cat\/web\/wp-content\/uploads\/2022\/11\/08-23-43-jornadaactualitzaciC3B3ciberseguretat14novembre2022_580.jpg","jetpack_sharing_enabled":true,"jetpack_shortlink":"https:\/\/wp.me\/p9FdUF-17x","_links":{"self":[{"href":"https:\/\/www.ube.cat\/web\/wp-json\/wp\/v2\/posts\/4311"}],"collection":[{"href":"https:\/\/www.ube.cat\/web\/wp-json\/wp\/v2\/posts"}],"about":[{"href":"https:\/\/www.ube.cat\/web\/wp-json\/wp\/v2\/types\/post"}],"author":[{"embeddable":true,"href":"https:\/\/www.ube.cat\/web\/wp-json\/wp\/v2\/users\/1"}],"replies":[{"embeddable":true,"href":"https:\/\/www.ube.cat\/web\/wp-json\/wp\/v2\/comments?post=4311"}],"version-history":[{"count":0,"href":"https:\/\/www.ube.cat\/web\/wp-json\/wp\/v2\/posts\/4311\/revisions"}],"wp:featuredmedia":[{"embeddable":true,"href":"https:\/\/www.ube.cat\/web\/wp-json\/wp\/v2\/media\/4310"}],"wp:attachment":[{"href":"https:\/\/www.ube.cat\/web\/wp-json\/wp\/v2\/media?parent=4311"}],"wp:term":[{"taxonomy":"category","embeddable":true,"href":"https:\/\/www.ube.cat\/web\/wp-json\/wp\/v2\/categories?post=4311"},{"taxonomy":"post_tag","embeddable":true,"href":"https:\/\/www.ube.cat\/web\/wp-json\/wp\/v2\/tags?post=4311"}],"curies":[{"name":"wp","href":"https:\/\/api.w.org\/{rel}","templated":true}]}}