{"id":4363,"date":"2022-11-15T09:00:53","date_gmt":"2022-11-15T09:00:53","guid":{"rendered":"https:\/\/www.ube.cat\/web\/?p=4363"},"modified":"2022-11-14T14:45:47","modified_gmt":"2022-11-14T14:45:47","slug":"la-unio-de-botiguers-renovem-el-nostre-compromis-amb-heforshe-per-la-igualtat","status":"publish","type":"post","link":"https:\/\/www.ube.cat\/web\/2022\/11\/15\/la-unio-de-botiguers-renovem-el-nostre-compromis-amb-heforshe-per-la-igualtat\/","title":{"rendered":"La Uni\u00f3 de Botiguers renovem el nostre comprom\u00eds amb @HeForShe per la igualtat"},"content":{"rendered":"\n<figure class=\"wp-block-image size-large\"><img decoding=\"async\" loading=\"lazy\" width=\"1024\" height=\"765\" src=\"https:\/\/www.ube.cat\/web\/wp-content\/uploads\/2015\/03\/IMG_1743-1024x765.jpg\" alt=\"\" class=\"wp-image-1763\" srcset=\"https:\/\/www.ube.cat\/web\/wp-content\/uploads\/2015\/03\/IMG_1743.jpg 1024w, https:\/\/www.ube.cat\/web\/wp-content\/uploads\/2015\/03\/IMG_1743-300x224.jpg 300w, https:\/\/www.ube.cat\/web\/wp-content\/uploads\/2015\/03\/IMG_1743-768x574.jpg 768w\" sizes=\"(max-width: 1024px) 100vw, 1024px\" \/><\/figure>\n\n\n\n<figure class=\"wp-block-image\"><img decoding=\"async\" loading=\"lazy\" width=\"1024\" height=\"765\" src=\"https:\/\/www.ube.cat\/web\/wp-content\/uploads\/2015\/03\/IMG_1744.jpg\" alt=\"\" class=\"wp-image-1767\" srcset=\"https:\/\/www.ube.cat\/web\/wp-content\/uploads\/2015\/03\/IMG_1744.jpg 1024w, https:\/\/www.ube.cat\/web\/wp-content\/uploads\/2015\/03\/IMG_1744-300x224.jpg 300w, https:\/\/www.ube.cat\/web\/wp-content\/uploads\/2015\/03\/IMG_1744-768x574.jpg 768w\" sizes=\"(max-width: 1024px) 100vw, 1024px\" \/><\/figure>\n\n\n\n<h2 class=\"wp-block-heading\">El comprom\u00eds per la igualtat es el pilar ferm que ens permetr\u00e1 una societat m\u00e9s justa i inclusiva.<\/h2>\n\n\n\n<p>HeForShe \u00e9s una campanya solid\u00e0ria que promou la igualtat de g\u00e8nere, creada per ONU Mujeres. El seu objectiu \u00e9s involucrar els homes i nens com a agents de canvi per aconseguir la igualtat de g\u00e8nere i reivindicaci\u00f3 dels drets de les dones, animant-los a prendre mesures contra les desigualtats de g\u00e8nere que enfronten les dones i les nenes. <\/p>\n\n\n\n<p>Aquesta campanya convida gent de tot el m\u00f3n a convergir en una societat igualit\u00e0ria en qu\u00e8 es comparteixi una visi\u00f3 de respecte i equitat que es puguin implementar solucions per al benefici de tota la humanitat. Aix\u00f2, basat en idea que la igualtat de g\u00e8nere \u00e9s un problema que afecta totes les persones \u2014socialment, econ\u00f2micament i pol\u00edticament\u2014 es tracta d&#8217;involucrar activament homes i nens en un moviment que va ser concebut originalment com a \u201cuna lluita de les dones per les dones\u00bb. <\/p>\n\n\n\n<p>Alguns van notar la contradicci\u00f3 d&#8217;una campanya per a la igualtat de g\u00e8nere que nom\u00e9s pren mesures per a les desigualtats que enfronten les dones i les nenes, ignorant la contribuci\u00f3 que podrien realitzar els homes i nens.<\/p>\n","protected":false},"excerpt":{"rendered":"<p>El comprom\u00eds per la igualtat es el pilar ferm que ens permetr\u00e1 una societat m\u00e9s justa i inclusiva.<\/p>\n","protected":false},"author":1,"featured_media":1763,"comment_status":"closed","ping_status":"open","sticky":false,"template":"","format":"standard","meta":{"jetpack_post_was_ever_published":false,"_jetpack_newsletter_access":"","jetpack_publicize_message":"","jetpack_is_tweetstorm":false,"jetpack_publicize_feature_enabled":true,"jetpack_social_post_already_shared":true,"jetpack_social_options":{"image_generator_settings":{"template":"highway","enabled":false}}},"categories":[1],"tags":[],"jetpack_publicize_connections":[],"jetpack_featured_media_url":"https:\/\/www.ube.cat\/web\/wp-content\/uploads\/2015\/03\/IMG_1743.jpg","jetpack_sharing_enabled":true,"jetpack_shortlink":"https:\/\/wp.me\/p9FdUF-18n","_links":{"self":[{"href":"https:\/\/www.ube.cat\/web\/wp-json\/wp\/v2\/posts\/4363"}],"collection":[{"href":"https:\/\/www.ube.cat\/web\/wp-json\/wp\/v2\/posts"}],"about":[{"href":"https:\/\/www.ube.cat\/web\/wp-json\/wp\/v2\/types\/post"}],"author":[{"embeddable":true,"href":"https:\/\/www.ube.cat\/web\/wp-json\/wp\/v2\/users\/1"}],"replies":[{"embeddable":true,"href":"https:\/\/www.ube.cat\/web\/wp-json\/wp\/v2\/comments?post=4363"}],"version-history":[{"count":1,"href":"https:\/\/www.ube.cat\/web\/wp-json\/wp\/v2\/posts\/4363\/revisions"}],"predecessor-version":[{"id":4364,"href":"https:\/\/www.ube.cat\/web\/wp-json\/wp\/v2\/posts\/4363\/revisions\/4364"}],"wp:featuredmedia":[{"embeddable":true,"href":"https:\/\/www.ube.cat\/web\/wp-json\/wp\/v2\/media\/1763"}],"wp:attachment":[{"href":"https:\/\/www.ube.cat\/web\/wp-json\/wp\/v2\/media?parent=4363"}],"wp:term":[{"taxonomy":"category","embeddable":true,"href":"https:\/\/www.ube.cat\/web\/wp-json\/wp\/v2\/categories?post=4363"},{"taxonomy":"post_tag","embeddable":true,"href":"https:\/\/www.ube.cat\/web\/wp-json\/wp\/v2\/tags?post=4363"}],"curies":[{"name":"wp","href":"https:\/\/api.w.org\/{rel}","templated":true}]}}