{"id":4400,"date":"2022-12-16T17:38:47","date_gmt":"2022-12-16T17:38:47","guid":{"rendered":"https:\/\/www.ube.cat\/web\/?p=4400"},"modified":"2022-12-16T17:39:45","modified_gmt":"2022-12-16T17:39:45","slug":"empresa-i-treball-obre-la-primera-convocatoria-de-fons-next-generation-per-a-impulsar-la-transformacio-digital-del-comerc","status":"publish","type":"post","link":"https:\/\/www.ube.cat\/web\/2022\/12\/16\/empresa-i-treball-obre-la-primera-convocatoria-de-fons-next-generation-per-a-impulsar-la-transformacio-digital-del-comerc\/","title":{"rendered":"Empresa i Treball obre la primera convocat\u00f2ria de Fons Next Generation per a impulsar la transformaci\u00f3 digital del comer\u00e7"},"content":{"rendered":"\n<figure class=\"wp-block-image size-large\"><img decoding=\"async\" loading=\"lazy\" width=\"758\" height=\"757\" src=\"https:\/\/www.ube.cat\/web\/wp-content\/uploads\/2022\/12\/logo.jpg\" alt=\"\" class=\"wp-image-4402\" srcset=\"https:\/\/www.ube.cat\/web\/wp-content\/uploads\/2022\/12\/logo.jpg 758w, https:\/\/www.ube.cat\/web\/wp-content\/uploads\/2022\/12\/logo-300x300.jpg 300w, https:\/\/www.ube.cat\/web\/wp-content\/uploads\/2022\/12\/logo-150x150.jpg 150w, https:\/\/www.ube.cat\/web\/wp-content\/uploads\/2022\/12\/logo-80x80.jpg 80w, https:\/\/www.ube.cat\/web\/wp-content\/uploads\/2022\/12\/logo-570x570.jpg 570w, https:\/\/www.ube.cat\/web\/wp-content\/uploads\/2022\/12\/logo-380x380.jpg 380w, https:\/\/www.ube.cat\/web\/wp-content\/uploads\/2022\/12\/logo-285x285.jpg 285w\" sizes=\"(max-width: 758px) 100vw, 758px\" \/><\/figure>\n\n\n\n<h2 class=\"wp-block-heading\">La Uni\u00f3 de Botiguers i Comerciants d&#8217;Esplugues us informem que acaben de sortir els esperats ajuts del Fons Next Generation<\/h2>\n\n\n\n<figure class=\"wp-block-image size-large\"><img decoding=\"async\" loading=\"lazy\" width=\"1024\" height=\"512\" src=\"https:\/\/www.ube.cat\/web\/wp-content\/uploads\/2022\/12\/nextgenerationeu-1024x512.jpg\" alt=\"\" class=\"wp-image-4404\" srcset=\"https:\/\/www.ube.cat\/web\/wp-content\/uploads\/2022\/12\/nextgenerationeu-1024x512.jpg 1024w, https:\/\/www.ube.cat\/web\/wp-content\/uploads\/2022\/12\/nextgenerationeu-300x150.jpg 300w, https:\/\/www.ube.cat\/web\/wp-content\/uploads\/2022\/12\/nextgenerationeu-768x384.jpg 768w, https:\/\/www.ube.cat\/web\/wp-content\/uploads\/2022\/12\/nextgenerationeu-1140x570.jpg 1140w, https:\/\/www.ube.cat\/web\/wp-content\/uploads\/2022\/12\/nextgenerationeu-570x285.jpg 570w, https:\/\/www.ube.cat\/web\/wp-content\/uploads\/2022\/12\/nextgenerationeu.jpg 1300w\" sizes=\"(max-width: 1024px) 100vw, 1024px\" \/><\/figure>\n\n\n\n<ul>\n<li><strong>Els ajuts es podran sol\u00b7licitar a partir de dem\u00e0, 15 de desembre, i fins el 19 de gener de 2023<\/strong><\/li>\n\n\n\n<li><strong>Aquesta primera partida, de prop de 7,5 MEUR, es complementar\u00e0 amb 7,5 milions m\u00e9s durant el primer trimestre de l\u2019any vinent<\/strong><\/li>\n<\/ul>\n\n\n\n<p>El Departament d\u2019Empresa i Treball, per mitj\u00e0 del Consorci de Comer\u00e7, Artesania i Moda (CCAM), ha obert la primera convocat\u00f2ria de Fons Next Generation (NGEU) per a impulsar la digitalitzaci\u00f3 i la sostenibilitat del sector comercial. En concret, es podran sol\u00b7licitar aquests ajuts a partir de les nou del mat\u00ed de dem\u00e0, 15 de desembre, i fins el 19 de gener de 2023 a les dues de la tarda. Aquesta primera convocat\u00f2ria est\u00e0 dotada amb 7.430.059,44 euros, i es veur\u00e0 completada amb una segona de prop de 7,5 milions m\u00e9s, que s\u2019obrir\u00e0 presumiblement durant el primer trimestre de l\u2019any vinent.<\/p>\n\n\n\n<p>La nova l\u00ednia de subvencions finan\u00e7ada amb Fons NGEU est\u00e0 gestionada directament per la Generalitat de Catalunya, per mitj\u00e0 del CCAM. Aix\u00ed, el total de gaireb\u00e9 15 milions d\u2019euros complementar\u00e0 els ajuts ja previstos de manera ordin\u00e0ria pel propi Govern de la Generalitat en el Pla Anual del CCAM de 2022, que recentment s\u2019han ampliat fins arribar als 11,7 milions d\u2019euros.<\/p>\n\n\n\n<p><strong>Inversi\u00f3 m\u00ednima de 2.000 euros, m\u00e0xim de 75.000 euros d\u2019ajuts<\/strong><\/p>\n\n\n\n<p>L\u2019ajut es concretar\u00e0 en una aportaci\u00f3 \u00fanica per persona benefici\u00e0ria de fins el 80% de les despeses subvencionables, amb un m\u00e0xim de 75.000 euros i una inversi\u00f3 m\u00ednima de 2.000 euros. Els destinataris s\u00f3n persones aut\u00f2nomes, petites i mitjanes empreses comercials titulars d\u2019un establiment de comer\u00e7 al detall i les entitats associatives de comer\u00e7 i associacions de mercats municipals sedentaris i no sedentaris. Totes les sol\u00b7licituds per accedir a aquesta convocat\u00f2ria s&#8217;han de presentar segons el model normalitzat que est\u00e0 a disposici\u00f3 de les persones interessades a la seu corporativa del&nbsp;<strong><a href=\"https:\/\/canalempresa.gencat.cat\/\">Canal Empresa<\/a><\/strong>, i als webs del&nbsp;<strong><a href=\"https:\/\/ccam.gencat.cat\/\">CCAM<\/a><\/strong>&nbsp;i del&nbsp;<strong><a href=\"https:\/\/empresa.gencat.cat\/ca\/inici\/\">Departament d&#8217;Empresa i Treball<\/a><\/strong>. Les sol\u00b7licituds es presentaran per mitjans telem\u00e0tics, acompanyades de la documentaci\u00f3 que preveuen&nbsp;<strong><a href=\"https:\/\/dogc.gencat.cat\/ca\/document-del-dogc\/?documentId=943698\">les bases de la convocat\u00f2ria<\/a><\/strong>, si s\u2019escau, a trav\u00e9s del Canal Empresa.<\/p>\n\n\n\n<p>En l\u2019\u00e0mbit de les empreses de comer\u00e7, la persona beneficiaria ha de tenir com a m\u00ednim un establiment a peu de carrer a Catalunya, i els projectes a subvencionar s\u2019han de dur a terme a trav\u00e9s d\u2019empreses especialitzades del sector que puguin acreditar la seva experi\u00e8ncia. Pel que fa a les actuacions subvencionables, un dels avantatges d\u2019aquesta convocat\u00f2ria \u00e9s que permet presentar projectes que s\u2019hagin realitzat de manera efectiva entre l&#8217;1 de gener de 2022 i el 30 de setembre de 2023. Amb tot, s\u00f3n subvencionables les actuacions seg\u00fcents:<\/p>\n\n\n\n<p><strong>Projectes de noves tecnologies enfocats a la millora de diferents \u00e0rees de l\u2019estrat\u00e8gia comercial en l\u00ednia i de comunicaci\u00f3, del model de negoci i de l\u2019experi\u00e8ncia de compra.<\/strong>&nbsp;Aquests projectes, en concret, han d\u2019incidir en objectius com: el coneixement i la fidelitzaci\u00f3 de la clientela, el foment de l\u2019omnicanalitat, la implementaci\u00f3 de solucions de ciberseguerat, el desenvolupament d\u2019apps m\u00f2bils, la contractaci\u00f3 d\u2019assessorament tecnol\u00f2gic&#8230; En aquest \u00faltim punt cal precisar que el CCAM ha impulsat un segell d\u2019acreditaci\u00f3 per a assessores i assessors tecnol\u00f2gics, i que aquests ajuts nom\u00e9s es podran demanar mitjan\u00e7ant un assessor tecnol\u00f2gic acreditat. De fet, el programa preveu la contractaci\u00f3 de serveis d&#8217;assessorament tecnol\u00f2gic efectuat per persones acreditades mitjan\u00e7ant aquest segell d&#8217;assessors i assessores tecnol\u00f2giques del CCAM. Podeu trobar m\u00e9s informaci\u00f3 sobre les persones assessores&nbsp;<strong><a href=\"https:\/\/ccam.gencat.cat\/ca\/serveis\/assessorament_tecnologic\/\" class=\"broken_link\">aqu\u00ed<\/a><\/strong>.<\/p>\n\n\n\n<p><strong>Accions vinculades a la transformaci\u00f3 del punt de venda<\/strong>, que incideixin en: la digitalitzaci\u00f3 de la gesti\u00f3 del comer\u00e7; la transformaci\u00f3 digital del comer\u00e7 no sedentari; l\u2019aplicaci\u00f3 de noves tecnologies en el punt de venta, per millorar i actualitzar el procediment de pagament i evitar cues i aglomeracions; l\u2019adquisici\u00f3 de mobiliari tecnol\u00f2gic i eines tecnol\u00f2giques per a l\u2019establiment f\u00edsic (balances, ordinadors, tauletes,&#8230; sempre que siguin per a \u00fas directe de l\u2019establiment o de la seva clientela); l\u2019adopci\u00f3 de solucions per a la interactivitat o la millora de l\u2019efici\u00e8ncia log\u00edstica (etiquetes NFC, codis QR, etiquetes RFID), o sistemes per comptar visitants o monitoritzar-los en les diferents \u00e0rees de la botiga.<\/p>\n\n\n\n<p><strong>Accions vinculades a la sostenibilitat i a l\u2019economia circular, enfocades a:<\/strong>&nbsp;la disminuci\u00f3 del consum d\u2019envasos i embalatge; l\u2019\u00fas de noves tecnologies per a disminuir els costos i l\u2019impacte mediambiental de la distribuci\u00f3 comercial, sobretot en referencia al\u2019\u00faltim quil\u00f2metre, i la instal\u00b7laci\u00f3 de sistemes digitalitzats de punts de recollida, o guixetes, dins dels establiments f\u00edsics en trama urbana consolidada.<\/p>\n\n\n\n<p>Pel que fa a les entitats i associacions de comer\u00e7, seran subvencionables actuacions que incideixin en: la millora de l\u2019atenci\u00f3 i relaci\u00f3 i coneixement de les persones consumidores i la seva fidelitzaci\u00f3 mitjan\u00e7ant l\u2019\u00fas de noves tecnologies i t\u00e8cniques d\u2019anal\u00edtica avan\u00e7ada; l\u2019impuls de canals digitals; l\u2019impuls de publicitat i comunicaci\u00f3 en mitjans o suports digitals; l\u2019\u00fas de m\u00e8triques i an\u00e0lisis del mercat; l\u2019adopci\u00f3 de solucions de ciberseguretat a nivell associatiu; l\u2019adquisici\u00f3 de mobiliari i eines tecnol\u00f2giques, o la posada en marxa de programes de formaci\u00f3 destinats a millorar l\u2019\u00fas i gesti\u00f3 d\u2019eines tecnol\u00f2giques en el comer\u00e7, m\u00e0rqueting digital, t\u00e8cniques de fidelitzaci\u00f3 i explotaci\u00f3 i an\u00e0lisi de dades vinculats amb la venta online.<\/p>\n","protected":false},"excerpt":{"rendered":"<p>Els ajuts es podran sol\u00b7licitar a partir de dem\u00e0, 15 de desembre, i fins el 19 de gener de 2023. Aquesta primera partida, de prop de 7,5 MEUR, es complementar\u00e0 amb 7,5 milions m\u00e9s durant el primer trimestre de l\u2019any vinent<\/p>\n","protected":false},"author":1,"featured_media":4406,"comment_status":"closed","ping_status":"open","sticky":false,"template":"","format":"standard","meta":{"jetpack_post_was_ever_published":false,"_jetpack_newsletter_access":"","jetpack_publicize_message":"","jetpack_is_tweetstorm":false,"jetpack_publicize_feature_enabled":true,"jetpack_social_post_already_shared":true,"jetpack_social_options":{"image_generator_settings":{"template":"highway","enabled":false}}},"categories":[3,1],"tags":[],"jetpack_publicize_connections":[],"jetpack_featured_media_url":"https:\/\/www.ube.cat\/web\/wp-content\/uploads\/2022\/12\/nextgenerationeu-1.jpg","jetpack_sharing_enabled":true,"jetpack_shortlink":"https:\/\/wp.me\/p9FdUF-18Y","_links":{"self":[{"href":"https:\/\/www.ube.cat\/web\/wp-json\/wp\/v2\/posts\/4400"}],"collection":[{"href":"https:\/\/www.ube.cat\/web\/wp-json\/wp\/v2\/posts"}],"about":[{"href":"https:\/\/www.ube.cat\/web\/wp-json\/wp\/v2\/types\/post"}],"author":[{"embeddable":true,"href":"https:\/\/www.ube.cat\/web\/wp-json\/wp\/v2\/users\/1"}],"replies":[{"embeddable":true,"href":"https:\/\/www.ube.cat\/web\/wp-json\/wp\/v2\/comments?post=4400"}],"version-history":[{"count":2,"href":"https:\/\/www.ube.cat\/web\/wp-json\/wp\/v2\/posts\/4400\/revisions"}],"predecessor-version":[{"id":4405,"href":"https:\/\/www.ube.cat\/web\/wp-json\/wp\/v2\/posts\/4400\/revisions\/4405"}],"wp:featuredmedia":[{"embeddable":true,"href":"https:\/\/www.ube.cat\/web\/wp-json\/wp\/v2\/media\/4406"}],"wp:attachment":[{"href":"https:\/\/www.ube.cat\/web\/wp-json\/wp\/v2\/media?parent=4400"}],"wp:term":[{"taxonomy":"category","embeddable":true,"href":"https:\/\/www.ube.cat\/web\/wp-json\/wp\/v2\/categories?post=4400"},{"taxonomy":"post_tag","embeddable":true,"href":"https:\/\/www.ube.cat\/web\/wp-json\/wp\/v2\/tags?post=4400"}],"curies":[{"name":"wp","href":"https:\/\/api.w.org\/{rel}","templated":true}]}}