{"id":4470,"date":"2023-03-08T13:43:36","date_gmt":"2023-03-08T13:43:36","guid":{"rendered":"https:\/\/www.ube.cat\/web\/2023\/03\/08\/aportacio-de-la-dona-a-leconomia-un-informe-de-la-comissio-dona-i-empresa-de-pimec-constata-que-les-dones-aporten-el-5188-del-pib\/"},"modified":"2023-03-08T13:43:36","modified_gmt":"2023-03-08T13:43:36","slug":"aportacio-de-la-dona-a-leconomia-un-informe-de-la-comissio-dona-i-empresa-de-pimec-constata-que-les-dones-aporten-el-5188-del-pib","status":"publish","type":"post","link":"https:\/\/www.ube.cat\/web\/2023\/03\/08\/aportacio-de-la-dona-a-leconomia-un-informe-de-la-comissio-dona-i-empresa-de-pimec-constata-que-les-dones-aporten-el-5188-del-pib\/","title":{"rendered":"Aportaci\u00f3 de la dona a l\u2019economia: un informe de la Comissi\u00f3 Dona i Empresa de PIMEC constata que les dones aporten el 51,88% del PIB"},"content":{"rendered":"\n<figure class=\"wp-block-image size-large\"><img decoding=\"async\" loading=\"lazy\" width=\"1024\" height=\"514\" src=\"https:\/\/www.ube.cat\/web\/wp-content\/uploads\/2023\/03\/img_4670-1024x514.jpg\" class=\"wp-image-4469\" srcset=\"https:\/\/www.ube.cat\/web\/wp-content\/uploads\/2023\/03\/img_4670-1024x514.jpg 1024w, https:\/\/www.ube.cat\/web\/wp-content\/uploads\/2023\/03\/img_4670-300x151.jpg 300w, https:\/\/www.ube.cat\/web\/wp-content\/uploads\/2023\/03\/img_4670-768x385.jpg 768w, https:\/\/www.ube.cat\/web\/wp-content\/uploads\/2023\/03\/img_4670-570x285.jpg 570w, https:\/\/www.ube.cat\/web\/wp-content\/uploads\/2023\/03\/img_4670.jpg 1170w\" sizes=\"(max-width: 1024px) 100vw, 1024px\" \/><\/figure>\n\n\n\n<p>[Maria Teixidor, Pimec] Des de la Comissi\u00f3 Dona i Empresa enguany hem impulsat un estudi, elaborat amb la Universitat de Santiago de Compostel\u00b7la, amb la voluntat d\u2019entendre millor quina \u00e9s la contribuci\u00f3 d\u2019una dona ja plenament integrada al mercat laboral, que tamb\u00e9 empr\u00e8n i crea empresa, al conjunt de l\u2019economia espanyola.<\/p>\n\n\n\n<p>L\u2019informe explica que, tot i que hi ha hagut aven\u00e7os (la for\u00e7a laboral de les dones \u00e9s ja del 70,1%, pel 79% de la masculina), <strong>persisteixen les desigualtats que perjudiquen la dona:una menor ocupaci\u00f3<\/strong> (58,8% de les dones per un 68,7% dels homes), un major atur, una menor qualitat del treball (m\u00e9s parcialitat i temporalitat), <strong>menors salaris<\/strong> (la difer\u00e8ncia salarial va del 8% segons l\u2019OCDE al 23% segons l\u2019enquesta d\u2019estructura salarial en el cas de les treballadores, i puja al 29% per a les dones aut\u00f2nomes, segons dades de l\u2019OCDE),<strong> i menors bases de cotitzaci\u00f3<\/strong> (cosa que repercuteix en una bretxa en les pensions del 46%).<\/p>\n\n\n\n<p>L\u2019article complet el trobar\u00e9u en <a href=\"https:\/\/www.campaign-index.com\/view.php?J=UP9fsjQUrv08leWOu763Kpz89234Mv3uNlKf159uEEDllJQ&amp;C=M3ZCBLTznRQ9P3b2B7wAPw\" class=\"broken_link\">aquest enlla\u00e7<\/a><\/p>\n","protected":false},"excerpt":{"rendered":"<p>Des de la Comissi\u00f3 Dona i Empresa enguany hem impulsat un estudi, elaborat amb la Universitat de Santiago de Compostel\u00b7la, amb la voluntat d\u2019entendre millor quina \u00e9s la contribuci\u00f3 d\u2019una dona ja plenament integrada al mercat laboral, que tamb\u00e9 empr\u00e8n i crea empresa, al conjunt de l\u2019economia espanyola.<\/p>\n","protected":false},"author":1,"featured_media":4469,"comment_status":"closed","ping_status":"open","sticky":false,"template":"","format":"standard","meta":{"jetpack_post_was_ever_published":false,"_jetpack_newsletter_access":"","jetpack_publicize_message":"","jetpack_is_tweetstorm":false,"jetpack_publicize_feature_enabled":true,"jetpack_social_post_already_shared":true,"jetpack_social_options":{"image_generator_settings":{"template":"highway","enabled":false}}},"categories":[17],"tags":[],"jetpack_publicize_connections":[],"jetpack_featured_media_url":"https:\/\/www.ube.cat\/web\/wp-content\/uploads\/2023\/03\/img_4670.jpg","jetpack_sharing_enabled":true,"jetpack_shortlink":"https:\/\/wp.me\/p9FdUF-1a6","_links":{"self":[{"href":"https:\/\/www.ube.cat\/web\/wp-json\/wp\/v2\/posts\/4470"}],"collection":[{"href":"https:\/\/www.ube.cat\/web\/wp-json\/wp\/v2\/posts"}],"about":[{"href":"https:\/\/www.ube.cat\/web\/wp-json\/wp\/v2\/types\/post"}],"author":[{"embeddable":true,"href":"https:\/\/www.ube.cat\/web\/wp-json\/wp\/v2\/users\/1"}],"replies":[{"embeddable":true,"href":"https:\/\/www.ube.cat\/web\/wp-json\/wp\/v2\/comments?post=4470"}],"version-history":[{"count":0,"href":"https:\/\/www.ube.cat\/web\/wp-json\/wp\/v2\/posts\/4470\/revisions"}],"wp:featuredmedia":[{"embeddable":true,"href":"https:\/\/www.ube.cat\/web\/wp-json\/wp\/v2\/media\/4469"}],"wp:attachment":[{"href":"https:\/\/www.ube.cat\/web\/wp-json\/wp\/v2\/media?parent=4470"}],"wp:term":[{"taxonomy":"category","embeddable":true,"href":"https:\/\/www.ube.cat\/web\/wp-json\/wp\/v2\/categories?post=4470"},{"taxonomy":"post_tag","embeddable":true,"href":"https:\/\/www.ube.cat\/web\/wp-json\/wp\/v2\/tags?post=4470"}],"curies":[{"name":"wp","href":"https:\/\/api.w.org\/{rel}","templated":true}]}}