{"id":4472,"date":"2023-03-17T12:25:51","date_gmt":"2023-03-17T12:25:51","guid":{"rendered":"https:\/\/www.ube.cat\/web\/2023\/03\/17\/oberta-una-linia-dajuda-per-iniciar-una-activitat-economica\/"},"modified":"2023-03-17T12:25:51","modified_gmt":"2023-03-17T12:25:51","slug":"oberta-una-linia-dajuda-per-iniciar-una-activitat-economica","status":"publish","type":"post","link":"https:\/\/www.ube.cat\/web\/2023\/03\/17\/oberta-una-linia-dajuda-per-iniciar-una-activitat-economica\/","title":{"rendered":"Oberta una l\u00ednia d&#8217;ajuda per iniciar una activitat econ\u00f2mica"},"content":{"rendered":"\n<figure class=\"wp-block-image size-large\"><img decoding=\"async\" loading=\"lazy\" width=\"800\" height=\"500\" src=\"https:\/\/www.ube.cat\/web\/wp-content\/uploads\/2023\/03\/img_5454.jpg\" alt=\"\" class=\"wp-image-4471\" srcset=\"https:\/\/www.ube.cat\/web\/wp-content\/uploads\/2023\/03\/img_5454.jpg 800w, https:\/\/www.ube.cat\/web\/wp-content\/uploads\/2023\/03\/img_5454-300x188.jpg 300w, https:\/\/www.ube.cat\/web\/wp-content\/uploads\/2023\/03\/img_5454-768x480.jpg 768w\" sizes=\"(max-width: 800px) 100vw, 800px\" \/><\/figure>\n\n\n\n<h2 class=\"wp-block-heading\"><strong>La subvenci\u00f3 permet cobrir despeses de fins a 5.000 euros.<\/strong><\/h2>\n\n\n\n<p>L&#8217;Ajuntament d&#8217;Esplugues ha posat en marxa un nou ajut per subvencionar l&#8217;inici d&#8217;una activitat econ\u00f2mica al municipi i l&#8217;ocupaci\u00f3 per compte propi.<\/p>\n\n\n\n<p>Els ajuts van dirigits, d&#8217;una banda, a les&nbsp;<strong>persones que han iniciat una activitat econ\u00f2mica per compte propi<\/strong>, amb domicili fiscal o centre de treball a Esplugues, des de l&#8217;1 de gener del 2022.<\/p>\n\n\n\n<p>Tamb\u00e9 se&#8217;n poden beneficiar les&nbsp;<strong>persones que pr\u00e8viament estaven a l&#8217;atur i que han formalitzat en r\u00e8gim d&#8217;aut\u00f2nom una iniciativa emprenedora<\/strong>, individual o societ\u00e0ria, durant els darrers 12 mesos, sempre que estiguin empadronades a Esplugues, o b\u00e9 tinguin domiciliada l&#8217;activitat al municipi.<\/p>\n\n\n\n<p>L&#8217;import de l&#8217;ajuda \u00e9s de fins a 5.000 euros per subvencionar despeses com els primers mesos de lloguer, la quota RETA fins als primers 12 mesos o la taxa i limpost municipals per inici d&#8217;activitat. El termini per presentar sol\u00b7licitud, que s&#8217;ha de fer de forma telem\u00e0tica a la Seu Electr\u00f2nica de l&#8217;Ajuntament,&nbsp;<strong>\u00e9s obert&nbsp;fins al 30 de novembre&nbsp;o quan s&#8217;esgoti el pressupost<\/strong>.<\/p>\n\n\n\n<p>M\u00e9s informaci\u00f3 i com sol\u00b7licitar la subvenci\u00f3 a <a href=\"https:\/\/economiatreball.esplugues.cat\/wp-content\/uploads\/2022\/05\/Fitxa-web-Ajut-Autoocupacio.pdf\">https:\/\/economiatreball.esplugues.cat\/wp-content\/uploads\/2022\/05\/Fitxa-web-Ajut-Autoocupacio.pdf<\/a><\/p>\n","protected":false},"excerpt":{"rendered":"<p>La subvenci\u00f3 permet cobrir despeses de fins a 5.000 euros<\/p>\n","protected":false},"author":1,"featured_media":4471,"comment_status":"closed","ping_status":"open","sticky":false,"template":"","format":"standard","meta":{"jetpack_post_was_ever_published":false,"_jetpack_newsletter_access":"","jetpack_publicize_message":"","jetpack_is_tweetstorm":false,"jetpack_publicize_feature_enabled":true,"jetpack_social_post_already_shared":true,"jetpack_social_options":{"image_generator_settings":{"template":"highway","enabled":false}}},"categories":[3],"tags":[],"jetpack_publicize_connections":[],"jetpack_featured_media_url":"https:\/\/www.ube.cat\/web\/wp-content\/uploads\/2023\/03\/img_5454.jpg","jetpack_sharing_enabled":true,"jetpack_shortlink":"https:\/\/wp.me\/p9FdUF-1a8","_links":{"self":[{"href":"https:\/\/www.ube.cat\/web\/wp-json\/wp\/v2\/posts\/4472"}],"collection":[{"href":"https:\/\/www.ube.cat\/web\/wp-json\/wp\/v2\/posts"}],"about":[{"href":"https:\/\/www.ube.cat\/web\/wp-json\/wp\/v2\/types\/post"}],"author":[{"embeddable":true,"href":"https:\/\/www.ube.cat\/web\/wp-json\/wp\/v2\/users\/1"}],"replies":[{"embeddable":true,"href":"https:\/\/www.ube.cat\/web\/wp-json\/wp\/v2\/comments?post=4472"}],"version-history":[{"count":0,"href":"https:\/\/www.ube.cat\/web\/wp-json\/wp\/v2\/posts\/4472\/revisions"}],"wp:featuredmedia":[{"embeddable":true,"href":"https:\/\/www.ube.cat\/web\/wp-json\/wp\/v2\/media\/4471"}],"wp:attachment":[{"href":"https:\/\/www.ube.cat\/web\/wp-json\/wp\/v2\/media?parent=4472"}],"wp:term":[{"taxonomy":"category","embeddable":true,"href":"https:\/\/www.ube.cat\/web\/wp-json\/wp\/v2\/categories?post=4472"},{"taxonomy":"post_tag","embeddable":true,"href":"https:\/\/www.ube.cat\/web\/wp-json\/wp\/v2\/tags?post=4472"}],"curies":[{"name":"wp","href":"https:\/\/api.w.org\/{rel}","templated":true}]}}