{"id":4494,"date":"2023-06-20T06:52:53","date_gmt":"2023-06-20T06:52:53","guid":{"rendered":"https:\/\/www.ube.cat\/web\/?p=4494"},"modified":"2023-06-20T06:53:55","modified_gmt":"2023-06-20T06:53:55","slug":"webinar-de-presentacio-de-les-subvencions-ordinaries-ccam-2023-i-subvencions-next-generation-eu","status":"publish","type":"post","link":"https:\/\/www.ube.cat\/web\/2023\/06\/20\/webinar-de-presentacio-de-les-subvencions-ordinaries-ccam-2023-i-subvencions-next-generation-eu\/","title":{"rendered":"Webinar de presentaci\u00f3 de les Subvencions ordin\u00e0ries CCAM 2023 i Subvencions Next Generation EU"},"content":{"rendered":"<div class=\"wp-block-image\">\n<figure class=\"aligncenter size-full is-resized\"><img decoding=\"async\" loading=\"lazy\" src=\"https:\/\/www.ube.cat\/web\/wp-content\/uploads\/2023\/06\/1.jpg\" alt=\"\" class=\"wp-image-4495\" width=\"580\" height=\"326\" srcset=\"https:\/\/www.ube.cat\/web\/wp-content\/uploads\/2023\/06\/1.jpg 580w, https:\/\/www.ube.cat\/web\/wp-content\/uploads\/2023\/06\/1-300x169.jpg 300w\" sizes=\"(max-width: 580px) 100vw, 580px\" \/><\/figure><\/div>\n\n\n<h2 class=\"wp-block-heading\">Dijous 22 de juny a les 13:00h | Plataforma Zoom<\/h2>\n\n\n\n<p>Benvolguts, benvolgudes,&nbsp;<\/p>\n\n\n\n<p>El proper dijous 22 de juny a les 13:00h tindr\u00e0 lloc a la plataforma Zoom el webinar de\u00a0<strong>presentaci\u00f3 de les Subvencions ordin\u00e0ries CCAM 2023<\/strong>\u00a0i de les\u00a0<strong>Subvencions Next Generation EU<\/strong>\u00a0en l&#8217;\u00e0mbit de les activitats de comer\u00e7 al detall, i de les associacions i entitats de comer\u00e7.\u00a0<br><br>En aquesta sessi\u00f3 veurem quines s\u00f3n les caracter\u00edstiques i com sol\u00b7licitar els incentius corresponents a les noves l\u00ednies d&#8217;ajuts del Consorci de Comer\u00e7, Artesania i Moda. La presentaci\u00f3 anir\u00e0 a c\u00e0rrec del director general de Comer\u00e7, Jordi Torrades i Aladr\u00e9n, i de la directora del CCAM, Agn\u00e8s Russi\u00f1ol i Amat.\u00a0<\/p>\n\n\n\n<div class=\"wp-block-buttons is-layout-flex\">\n<div class=\"wp-block-button\"><a class=\"wp-block-button__link wp-element-button\" href=\"\" target=\"_blank\" rel=\"noreferrer noopener\">Inscripci\u00f3<\/a><\/div>\n<\/div>\n\n\n\n<p><strong>Enlla\u00e7os d&#8217;inter\u00e8s:<\/strong><\/p>\n\n\n\n<ul>\n<li><a href=\"https:\/\/track.ccam.cat\/click.php?L=q763XEsRfsROf1gGOR763xuzJg&amp;J=SgEd2jvnr3Nu50Att7bT763w&amp;C=8OASY0sy8925SIzk40rvioDQ&amp;F=HKFRcCbcnmxmc4f43DJP5g\" target=\"_blank\" rel=\"noreferrer noopener\">Subvencions ordin\u00e0ries 2023 en l&#8217;\u00e0mbit comer\u00e7 i serveis<\/a><\/li>\n\n\n\n<li><a href=\"https:\/\/track.ccam.cat\/click.php?L=eOjopWsCnKdsFF7OEO78EQ&amp;J=SgEd2jvnr3Nu50Att7bT763w&amp;C=8OASY0sy8925SIzk40rvioDQ&amp;F=HKFRcCbcnmxmc4f43DJP5g\" target=\"_blank\" rel=\"noreferrer noopener\">Subvencions ordin\u00e0ries 2023 en l&#8217;\u00e0mbit de l&#8217;artesania<\/a><\/li>\n\n\n\n<li><a href=\"https:\/\/track.ccam.cat\/click.php?L=a2763LesoCBk4UN763Jto3ycWA&amp;J=SgEd2jvnr3Nu50Att7bT763w&amp;C=8OASY0sy8925SIzk40rvioDQ&amp;F=HKFRcCbcnmxmc4f43DJP5g\" target=\"_blank\" rel=\"noreferrer noopener\">Subvencions ordin\u00e0ries 2023 en l&#8217;\u00e0mbit de la moda<\/a><\/li>\n\n\n\n<li><a href=\"https:\/\/track.ccam.cat\/click.php?L=uqaeSwP9892prGJ1v6Lypr4Q&amp;J=SgEd2jvnr3Nu50Att7bT763w&amp;C=8OASY0sy8925SIzk40rvioDQ&amp;F=HKFRcCbcnmxmc4f43DJP5g\" target=\"_blank\" rel=\"noreferrer noopener\">Subvencions Next Generation EU&nbsp;en l&#8217;\u00e0mbit de les activitats de comer\u00e7 al detall, i de les associacions i entitats de comer\u00e7<\/a><\/li>\n<\/ul>\n","protected":false},"excerpt":{"rendered":"<p>El proper dijous 22 de juny a les 13:00h tindr\u00e0 lloc a la plataforma Zoom el webinar de presentaci\u00f3 de les Subvencions ordin\u00e0ries CCAM 2023 i de les Subvencions Next Generation EU en l&#8217;\u00e0mbit de les activitats de comer\u00e7 al detall, i de les associacions i entitats de comer\u00e7. <\/p>\n","protected":false},"author":1,"featured_media":4495,"comment_status":"closed","ping_status":"open","sticky":false,"template":"","format":"standard","meta":{"jetpack_post_was_ever_published":false,"_jetpack_newsletter_access":"","jetpack_publicize_message":"","jetpack_is_tweetstorm":false,"jetpack_publicize_feature_enabled":true,"jetpack_social_post_already_shared":true,"jetpack_social_options":{"image_generator_settings":{"template":"highway","enabled":false}}},"categories":[3],"tags":[162],"jetpack_publicize_connections":[],"jetpack_featured_media_url":"https:\/\/www.ube.cat\/web\/wp-content\/uploads\/2023\/06\/1.jpg","jetpack_sharing_enabled":true,"jetpack_shortlink":"https:\/\/wp.me\/p9FdUF-1au","_links":{"self":[{"href":"https:\/\/www.ube.cat\/web\/wp-json\/wp\/v2\/posts\/4494"}],"collection":[{"href":"https:\/\/www.ube.cat\/web\/wp-json\/wp\/v2\/posts"}],"about":[{"href":"https:\/\/www.ube.cat\/web\/wp-json\/wp\/v2\/types\/post"}],"author":[{"embeddable":true,"href":"https:\/\/www.ube.cat\/web\/wp-json\/wp\/v2\/users\/1"}],"replies":[{"embeddable":true,"href":"https:\/\/www.ube.cat\/web\/wp-json\/wp\/v2\/comments?post=4494"}],"version-history":[{"count":1,"href":"https:\/\/www.ube.cat\/web\/wp-json\/wp\/v2\/posts\/4494\/revisions"}],"predecessor-version":[{"id":4496,"href":"https:\/\/www.ube.cat\/web\/wp-json\/wp\/v2\/posts\/4494\/revisions\/4496"}],"wp:featuredmedia":[{"embeddable":true,"href":"https:\/\/www.ube.cat\/web\/wp-json\/wp\/v2\/media\/4495"}],"wp:attachment":[{"href":"https:\/\/www.ube.cat\/web\/wp-json\/wp\/v2\/media?parent=4494"}],"wp:term":[{"taxonomy":"category","embeddable":true,"href":"https:\/\/www.ube.cat\/web\/wp-json\/wp\/v2\/categories?post=4494"},{"taxonomy":"post_tag","embeddable":true,"href":"https:\/\/www.ube.cat\/web\/wp-json\/wp\/v2\/tags?post=4494"}],"curies":[{"name":"wp","href":"https:\/\/api.w.org\/{rel}","templated":true}]}}