{"id":4503,"date":"2024-02-09T11:20:01","date_gmt":"2024-02-09T11:20:01","guid":{"rendered":"https:\/\/www.ube.cat\/web\/?p=4503"},"modified":"2024-02-09T11:32:39","modified_gmt":"2024-02-09T11:32:39","slug":"sara-olmos-escollida-presidenta-de-la-unio-de-botiguers-i-comerciants-desplugues","status":"publish","type":"post","link":"https:\/\/www.ube.cat\/web\/2024\/02\/09\/sara-olmos-escollida-presidenta-de-la-unio-de-botiguers-i-comerciants-desplugues\/","title":{"rendered":"Sara Olmos escollida presidenta de la Uni\u00f3 de Botiguers i Comerciants d\u2019Esplugues"},"content":{"rendered":"\n<figure class=\"wp-block-image size-large\"><img decoding=\"async\" loading=\"lazy\" width=\"768\" height=\"1024\" src=\"https:\/\/www.ube.cat\/web\/wp-content\/uploads\/2024\/02\/abe35608-d683-4f1c-921a-0e489c8616ea-1-768x1024.jpg\" alt=\"\" class=\"wp-image-4502\" srcset=\"https:\/\/www.ube.cat\/web\/wp-content\/uploads\/2024\/02\/abe35608-d683-4f1c-921a-0e489c8616ea-1-768x1024.jpg 768w, https:\/\/www.ube.cat\/web\/wp-content\/uploads\/2024\/02\/abe35608-d683-4f1c-921a-0e489c8616ea-1-225x300.jpg 225w, https:\/\/www.ube.cat\/web\/wp-content\/uploads\/2024\/02\/abe35608-d683-4f1c-921a-0e489c8616ea-1-1152x1536.jpg 1152w, https:\/\/www.ube.cat\/web\/wp-content\/uploads\/2024\/02\/abe35608-d683-4f1c-921a-0e489c8616ea-1.jpg 1200w\" sizes=\"(max-width: 768px) 100vw, 768px\" \/><\/figure>\n\n\n\n<h2 class=\"wp-block-heading\">\u201cObrim aquesta nova etapa a l&#8217;UBE amb il\u00b7lusi\u00f3 i amb la voluntat de col\u00b7laborar amb la resta d&#8217;associacions i institucions d\u2019Esplugues\u201d<\/h2>\n\n\n\n<p>El&nbsp;passat&nbsp;mes de desembre de 2023, en&nbsp;assemblea ordin\u00e0ria, va ser elegida presidenta de la Uni\u00f3 de&nbsp;Botiguers&nbsp;i&nbsp;Comerciants&nbsp;d&#8217;Esplugues&nbsp;la Sara&nbsp;Olmos.&nbsp;Gerent&nbsp;de&nbsp;l&#8217;actual&nbsp;botiga&nbsp;Burrito&nbsp;Blanco&nbsp;Esplugues,&nbsp;anteriorment&nbsp;Centre del Descans,&nbsp;amb&nbsp;una&nbsp;traject\u00f2ria&nbsp;familiar de&nbsp;quaranta&nbsp;anys&nbsp;en el&nbsp;seu establiment,&nbsp;Olmos&nbsp;arriba al&nbsp;c\u00e0rrec&nbsp;despr\u00e9s&nbsp;de formar&nbsp;part&nbsp;de la junta de&nbsp;l&#8217;associaci\u00f3&nbsp;durant&nbsp;m\u00e9s&nbsp;de&nbsp;deu&nbsp;anys.<\/p>\n\n\n\n<p>La nova i primera presidenta de la Uni\u00f3 de&nbsp;Botiguersd&#8217;Esplugues, encara&nbsp;aquesta&nbsp;etapa que&nbsp;qualifica&nbsp;de&nbsp;canvis&nbsp;i de sumar&nbsp;esfor\u00e7os&nbsp;en&nbsp;equip:<\/p>\n\n\n\n<p><em>\u00abEl comer\u00e7local d&#8217;Esplugues necessita fer pinya, la uni\u00f3 fa la for\u00e7a, hem de visibilitzar la gran import\u00e0ncia que tenim en el teixit de la ciutat i engegar campanyes i accions que ajudin directament a les botigues i empreses\u00bb.<\/em><\/p>\n\n\n\n<p><\/p>\n","protected":false},"excerpt":{"rendered":"<p>La nova i primera presidenta de la Uni\u00f3 de\u00a0Botiguers d&#8217;Esplugues, encara\u00a0aquesta\u00a0etapa que\u00a0qualifica\u00a0de\u00a0canvis\u00a0i de sumar\u00a0esfor\u00e7os\u00a0en\u00a0equip.<\/p>\n","protected":false},"author":1,"featured_media":4502,"comment_status":"closed","ping_status":"open","sticky":false,"template":"","format":"standard","meta":{"jetpack_post_was_ever_published":false,"_jetpack_newsletter_access":"","jetpack_publicize_message":"","jetpack_is_tweetstorm":false,"jetpack_publicize_feature_enabled":true,"jetpack_social_post_already_shared":true,"jetpack_social_options":{"image_generator_settings":{"template":"highway","enabled":false}}},"categories":[21],"tags":[],"jetpack_publicize_connections":[],"jetpack_featured_media_url":"https:\/\/www.ube.cat\/web\/wp-content\/uploads\/2024\/02\/abe35608-d683-4f1c-921a-0e489c8616ea-1.jpg","jetpack_sharing_enabled":true,"jetpack_shortlink":"https:\/\/wp.me\/p9FdUF-1aD","_links":{"self":[{"href":"https:\/\/www.ube.cat\/web\/wp-json\/wp\/v2\/posts\/4503"}],"collection":[{"href":"https:\/\/www.ube.cat\/web\/wp-json\/wp\/v2\/posts"}],"about":[{"href":"https:\/\/www.ube.cat\/web\/wp-json\/wp\/v2\/types\/post"}],"author":[{"embeddable":true,"href":"https:\/\/www.ube.cat\/web\/wp-json\/wp\/v2\/users\/1"}],"replies":[{"embeddable":true,"href":"https:\/\/www.ube.cat\/web\/wp-json\/wp\/v2\/comments?post=4503"}],"version-history":[{"count":4,"href":"https:\/\/www.ube.cat\/web\/wp-json\/wp\/v2\/posts\/4503\/revisions"}],"predecessor-version":[{"id":4509,"href":"https:\/\/www.ube.cat\/web\/wp-json\/wp\/v2\/posts\/4503\/revisions\/4509"}],"wp:featuredmedia":[{"embeddable":true,"href":"https:\/\/www.ube.cat\/web\/wp-json\/wp\/v2\/media\/4502"}],"wp:attachment":[{"href":"https:\/\/www.ube.cat\/web\/wp-json\/wp\/v2\/media?parent=4503"}],"wp:term":[{"taxonomy":"category","embeddable":true,"href":"https:\/\/www.ube.cat\/web\/wp-json\/wp\/v2\/categories?post=4503"},{"taxonomy":"post_tag","embeddable":true,"href":"https:\/\/www.ube.cat\/web\/wp-json\/wp\/v2\/tags?post=4503"}],"curies":[{"name":"wp","href":"https:\/\/api.w.org\/{rel}","templated":true}]}}